{"id":11389,"date":"2019-04-03T11:28:48","date_gmt":"2019-04-03T11:28:48","guid":{"rendered":"https:\/\/www.slovenia-convention.com\/?p=11389"},"modified":"2019-04-03T11:28:53","modified_gmt":"2019-04-03T11:28:53","slug":"slovenija-bo-gostila-prvi-svetovni-gradbeni-forum","status":"publish","type":"post","link":"https:\/\/www.slovenia-convention.com\/sl\/slovenija-bo-gostila-prvi-svetovni-gradbeni-forum\/","title":{"rendered":"Slovenija bo gostila prvi svetovni gradbeni forum"},"content":{"rendered":"\n<p><strong>Strokovnjaki s podro\u010dja gradnje stavb in infrastrukturnih objektov se bodo med 8. in 11. aprilom zbrali Cankarjevem domu na forumu z naslovom Odpornost stavb in infrastrukture. <\/strong><\/p>\n\n\n\n<p>Forum  <a href=\"https:\/\/www.wcf2019.org\/\"><strong>World Construction Forum 2019<\/strong><\/a> soorganizirajo<strong> In\u017eenirska zbornica Slovenije, Fakulteta za gradbeni\u0161tvo in geodezijo Univerze v Ljubljani in Svetovna zveza in\u017eenirskih organizacij<\/strong>, potekal pa bo pod \u010dastnim pokroviteljstvom predsednika republike <strong>Boruta Pahorja<\/strong> in <strong>Organizacije\u00a0 za izobra\u017eevanje, znanost in kulturo (UNESCO)<\/strong>. Po besedah predsednika in\u017eenirske zbornice \u010crtomirja Remca naslavlja <strong>trajnostne cilje Unesca in podpira trajnostno gradnjo, ki bo dostopna vsem.<\/strong> <\/p>\n\n\n\n<p>Tridnevni delovni progam je razdeljen na <strong>\u0161est tematskih sklopov, ki so povezani s cilji trajnostnega razvoja Zdru\u017eenih narodov<\/strong> in se nana\u0161ajo na vodo, energijo, trajnostna mesta, skupnosti in infrastrukturo, inovacije in klimatske spremembe. Vse prispevke bodo objavili na spletu in jih bodo tako tudi v prihodnjih letih lahko uporabljali v u\u010dnem procesu na fakultetah in drugih in\u0161titucijah. Gradbenega foruma se bodo <strong>udele\u017eili projektanti, izvajalci, proizvajalci, investitorji, upravniki, raziskovalci, profesorji in \u0161tudenti, politiki ter zastopniki javne uprave<\/strong>. Organizatorji pri\u010dakujejo okrog <strong>800 udele\u017eencev iz pribli\u017eno 50 dr\u017eav.<\/strong><\/p>\n\n\n\n<p><em>Cankarjev dom <\/em><\/p>\n","protected":false},"excerpt":{"rendered":"<p>Strokovnjaki s podro\u010dja gradnje stavb in infrastrukturnih objektov se bodo med 8. in 11. aprilom zbrali Cankarjevem domu na forumu z naslovom Odpornost stavb in infrastrukture. Forum World Construction Forum 2019 soorganizirajo In\u017eenirska zbornica Slovenije, Fakulteta za gradbeni\u0161tvo in geodezijo Univerze v Ljubljani in Svetovna zveza in\u017eenirskih organizacij, potekal pa bo pod \u010dastnim pokroviteljstvom predsednika [&hellip;]<\/p>\n","protected":false},"author":2,"featured_media":8300,"comment_status":"closed","ping_status":"open","sticky":false,"template":"","format":"standard","meta":{"_acf_changed":false,"footnotes":""},"categories":[32],"tags":[],"class_list":{"0":"post-11389","1":"post","2":"type-post","3":"status-publish","4":"format-standard","5":"has-post-thumbnail","7":"category-novice-clanov"},"acf":[],"_links":{"self":[{"href":"https:\/\/www.slovenia-convention.com\/sl\/wp-json\/wp\/v2\/posts\/11389","targetHints":{"allow":["GET"]}}],"collection":[{"href":"https:\/\/www.slovenia-convention.com\/sl\/wp-json\/wp\/v2\/posts"}],"about":[{"href":"https:\/\/www.slovenia-convention.com\/sl\/wp-json\/wp\/v2\/types\/post"}],"author":[{"embeddable":true,"href":"https:\/\/www.slovenia-convention.com\/sl\/wp-json\/wp\/v2\/users\/2"}],"replies":[{"embeddable":true,"href":"https:\/\/www.slovenia-convention.com\/sl\/wp-json\/wp\/v2\/comments?post=11389"}],"version-history":[{"count":2,"href":"https:\/\/www.slovenia-convention.com\/sl\/wp-json\/wp\/v2\/posts\/11389\/revisions"}],"predecessor-version":[{"id":12441,"href":"https:\/\/www.slovenia-convention.com\/sl\/wp-json\/wp\/v2\/posts\/11389\/revisions\/12441"}],"wp:featuredmedia":[{"embeddable":true,"href":"https:\/\/www.slovenia-convention.com\/sl\/wp-json\/wp\/v2\/media\/8300"}],"wp:attachment":[{"href":"https:\/\/www.slovenia-convention.com\/sl\/wp-json\/wp\/v2\/media?parent=11389"}],"wp:term":[{"taxonomy":"category","embeddable":true,"href":"https:\/\/www.slovenia-convention.com\/sl\/wp-json\/wp\/v2\/categories?post=11389"},{"taxonomy":"post_tag","embeddable":true,"href":"https:\/\/www.slovenia-convention.com\/sl\/wp-json\/wp\/v2\/tags?post=11389"}],"curies":[{"name":"wp","href":"https:\/\/api.w.org\/{rel}","templated":true}]}}