{"id":12039,"date":"2019-04-18T07:03:35","date_gmt":"2019-04-18T07:03:35","guid":{"rendered":"https:\/\/www.slovenia-convention.com\/?p=12039"},"modified":"2019-04-18T07:03:39","modified_gmt":"2019-04-18T07:03:39","slug":"na-gradu-otocec-predstavljen-evoque-novi-clan-druzine-range-rover","status":"publish","type":"post","link":"https:\/\/www.slovenia-convention.com\/sl\/na-gradu-otocec-predstavljen-evoque-novi-clan-druzine-range-rover\/","title":{"rendered":"Na Gradu Oto\u010dec predstavljen Evoque,  novi \u010dlan dru\u017eine Range Rover"},"content":{"rendered":"\n<p>Podjetje Wallis Adria d.o.o., generalni distributer za Jaguar in Land Rover vozila v regiji, je <strong>slovenskim in hrva\u0161kim novinarjem<\/strong> v idili\u010dnem in slikovitem okolju\u00a0<strong><a href=\"https:\/\/www.grad-otocec.com\/\">Gradu Oto\u010dec<\/a><\/strong> pred kratkim ponovno\u00a0\u00a0predstavilo svoj novi model, tokrat <strong>Range Rover Evoque<\/strong>.\u00a0\u00a0Spomnimo, da je skoraj 2 leti nazaj podjetje predstavilo \u010detrtega \u010dlana dru\u017eine Range Rover, model Velar, letos pa novo kompaktno \u0161portno terensko vozilo.<\/p>\n\n\n\n<p>Na podlagi zna\u010dilnega minimalizma vozil Range Rover so razvili model Range Rover Evoque, ki ga krasijo nagnjena streha in privzdignjene bo\u010dne linije. Avto je prepoznaven in individualen, resni\u010dni Range Rover vrhunskega dizajna. Izjemno silhueto in videz novega vozila so dosegli s popolnimi razmerji, zaradi katerih je vozilo takoj opazno, tako kot je opazen slikoviti Grad Oto\u010dec,<strong> znameniti hotel na re\u010dnem otoku s petimi zvezdicami<\/strong>.<\/p>\n\n\n\n<p>In, kako ustvariti \u0161e ve\u010d dodane vrednosti? Z lokacijo, ki jo prina\u0161a \u017ee sama po sebi! Slovenija ponuja \u0161iroko paleto tak\u0161nih, edinstvenih prizori\u0161\u010d, med katerimi je tudi&nbsp;<strong><a href=\"https:\/\/www.slovenia-convention.com\/sl\/od-gradu-na-vodi-do-zidanice\/\">Grad Oto\u010dec<\/a><\/strong>, biser na zeleni Krki, kot mu pravijo veseli doma\u010dini \u2013 Dolenjci, vedno \u017eidane volje.&nbsp;<strong>Energija!<\/strong><\/p>\n\n\n\n<p>Grad Oto\u010dec je eden od najprivla\u010dnej\u0161ih v Sloveniji, namenjen <strong>gastronomom, poslovne\u017eem, mladoporo\u010dencem, ljubiteljem lepega<\/strong>. Kot \u010dlan mednarodne dru\u017eine hotelskih dvorcev <strong>Relais &amp; Ch\u00e2teaux<\/strong> se uvr\u0161\u010da v svetovni vrh kakovosti ponudbe visokega turizma in je bil kot tak <strong>idealna lokacija za predstavitev novega predstavnika vozil Range Rover<\/strong>, ki predstavlja ljubiteljem avtomobilov novo podobo sodobnosti, prefinjenosti in elegance ter ponuja sodobno izku\u0161njo vo\u017enje na vseh ravneh.<\/p>\n","protected":false},"excerpt":{"rendered":"<p>Podjetje Wallis Adria d.o.o., generalni distributer za Jaguar in Land Rover vozila v regiji, je slovenskim in hrva\u0161kim novinarjem v idili\u010dnem in slikovitem okolju\u00a0Gradu Oto\u010dec pred kratkim ponovno\u00a0\u00a0predstavilo svoj novi model, tokrat Range Rover Evoque.\u00a0\u00a0Spomnimo, da je skoraj 2 leti nazaj podjetje predstavilo \u010detrtega \u010dlana dru\u017eine Range Rover, model Velar, letos pa novo kompaktno \u0161portno [&hellip;]<\/p>\n","protected":false},"author":2,"featured_media":10202,"comment_status":"closed","ping_status":"open","sticky":false,"template":"","format":"standard","meta":{"_acf_changed":false,"footnotes":""},"categories":[32],"tags":[],"class_list":{"0":"post-12039","1":"post","2":"type-post","3":"status-publish","4":"format-standard","5":"has-post-thumbnail","7":"category-novice-clanov"},"acf":[],"_links":{"self":[{"href":"https:\/\/www.slovenia-convention.com\/sl\/wp-json\/wp\/v2\/posts\/12039","targetHints":{"allow":["GET"]}}],"collection":[{"href":"https:\/\/www.slovenia-convention.com\/sl\/wp-json\/wp\/v2\/posts"}],"about":[{"href":"https:\/\/www.slovenia-convention.com\/sl\/wp-json\/wp\/v2\/types\/post"}],"author":[{"embeddable":true,"href":"https:\/\/www.slovenia-convention.com\/sl\/wp-json\/wp\/v2\/users\/2"}],"replies":[{"embeddable":true,"href":"https:\/\/www.slovenia-convention.com\/sl\/wp-json\/wp\/v2\/comments?post=12039"}],"version-history":[{"count":1,"href":"https:\/\/www.slovenia-convention.com\/sl\/wp-json\/wp\/v2\/posts\/12039\/revisions"}],"predecessor-version":[{"id":12040,"href":"https:\/\/www.slovenia-convention.com\/sl\/wp-json\/wp\/v2\/posts\/12039\/revisions\/12040"}],"wp:featuredmedia":[{"embeddable":true,"href":"https:\/\/www.slovenia-convention.com\/sl\/wp-json\/wp\/v2\/media\/10202"}],"wp:attachment":[{"href":"https:\/\/www.slovenia-convention.com\/sl\/wp-json\/wp\/v2\/media?parent=12039"}],"wp:term":[{"taxonomy":"category","embeddable":true,"href":"https:\/\/www.slovenia-convention.com\/sl\/wp-json\/wp\/v2\/categories?post=12039"},{"taxonomy":"post_tag","embeddable":true,"href":"https:\/\/www.slovenia-convention.com\/sl\/wp-json\/wp\/v2\/tags?post=12039"}],"curies":[{"name":"wp","href":"https:\/\/api.w.org\/{rel}","templated":true}]}}