{"id":14485,"date":"2020-08-02T07:36:11","date_gmt":"2020-08-02T06:36:11","guid":{"rendered":"https:\/\/www.slovenia-convention.com\/?p=14485"},"modified":"2020-08-02T07:36:14","modified_gmt":"2020-08-02T06:36:14","slug":"robert-otorepecvsak-evro-ki-ga-zasluzi-organizator-sejma-prinese-se-dodatnih-pet-evrov-mestu-in-regiji","status":"publish","type":"post","link":"https:\/\/www.slovenia-convention.com\/sl\/robert-otorepecvsak-evro-ki-ga-zasluzi-organizator-sejma-prinese-se-dodatnih-pet-evrov-mestu-in-regiji\/","title":{"rendered":"ROBERT OTOREPEC:&#8221;Vsak evro, ki ga zaslu\u017ei organizator sejma, prinese \u0161e dodatnih pet evrov mestu in regiji&#8221;"},"content":{"rendered":"\n<p><strong>ROBERT OTOREPEC, direktor, Celjski sejem d.d.<\/strong><\/p>\n\n\n\n<p>INTERVJUJI REVIJE KONGRES S \u010cLANI INICIATIVNEGA ODBORA ZA OHRANITEV SLOVENSKE INDUSTRIJE SRE\u010cANJ&nbsp;<\/p>\n\n\n\n<p><strong>V:&nbsp;Kak\u0161no je va\u0161e uradno stali\u0161\u010de glede dosedanjih ukrepov Vlade RS v pomo\u010d slovenski industriji sre\u010danj?<\/strong><\/p>\n\n\n\n<p>Prvi ukrepi Vlade RS za odpravljanje posledic epidemije so bili tudi za slovensko industrijo sre\u010danj zelo dobrodo\u0161li, predvsem subvencioniranje za\u010dasnega \u010dakanja na delo. S tem se je do meseca junija ohranilo precej\u0161nje \u0161tevilo delovnih mest. Nadaljnji ukrepi pa slovenski industriji sre\u010danj, ki z epidemijo najbolj prizadeta dejavnost, ne pomagajo. Ti ukrepi so primerni za dejavnosti, kjer upad prihodkov zna\u0161a 10 do 20 %, za na\u0161o dejavnost, kjer pa upad prihodkov zna\u0161a od 70 do 100 %, pa so povsem nezadostni.<\/p>\n\n\n\n<blockquote class=\"wp-block-quote is-layout-flow wp-block-quote-is-layout-flow\"><p>Upad prihodkov v primerjavi z lanskim letom bo v na\u0161em podjetju zna\u0161al 80 %<\/p><\/blockquote>\n\n\n\n<p><strong>V: Kak\u0161en bo izpad prometa v va\u0161em podjetju v primerjavi z letom 2019 (v odstotkih)? Koliko dogodkov ste morali prestaviti ali odpovedati?<\/strong><\/p>\n\n\n\n<p>Od sejmov, ki so na\u0161a glavna dejavnost, smo uspeli izpeljati le januarski sejem Agritech. Tik pred zdajci smo morali odpovedati sedem mar\u010dnih sejmov, pri katerih smo \u017ee imeli velike stro\u0161ke ogla\u0161evanja in postavitve. Nato smo bili prisiljeni odpovedati tri aprilske sejme, na\u0161 najve\u010dji in tudi najve\u010dji slovenski sejem septembrski MOS in tudi sejem Eroticland, ki je bil na\u010drtovan za konec meseca novembra. Poleg tega bi v za\u010detku meseca oktobra morali gostiti evropsko pasjo razstavo \u2013 Euro dog show 2020, ki je ravno tako odpovedana, odpovedani pa so tudi skoraj vsi dogodki v na\u0161em kongresnem centru v leto\u0161njem letu.<\/p>\n\n\n\n<p><strong>V: Vlada ne popu\u0161\u010da glede omejitev pri izvajanju dogodkov. Kdaj se vam zdi, da se bo stanje na tem podro\u010dju za\u010delo normalizirati?<\/strong><\/p>\n\n\n\n<p>To je dobro vpra\u0161anje, na katerega trenutno \u0161e nih\u010de no\u010de dati odgovora. Mi mo\u010dno upamo da bomo vsaj v letu 2021 lahko za\u010deli koliko toliko normalno poslovati in v skladu s tem trenutno tudi izvajamo na\u0161e aktivnosti.<\/p>\n\n\n\n<blockquote class=\"wp-block-quote is-layout-flow wp-block-quote-is-layout-flow\"><p>Ker pomo\u010di vlade za pomo\u010d na\u0161i dejavnosti ni, nadomestilo za zaposlene na \u010dakanju pa se je z mesecem junijem prepolovilo, smo \u017eal morali zmanj\u0161ati \u0161tevilo zaposlenih na polovico in tudi vse ostale stro\u0161ke zni\u017eati na minimum.<\/p><\/blockquote>\n\n\n\n<p>Trenutno sicer \u0161e uspemo ohranjati likvidnost z denarjem za amortizacijo, kar pa na drugi strani pomeni, da v naslednjih letih ne bomo imeli na voljo nobenih sredstev za investicije, ampak tudi teh sredstev ni za v nedogled. \u010ce nam ne omogo\u010deno ponovno kolikor toliko normalno poslovanje najkasneje v za\u010detku leta 2021, lahko to pomeni konec sejemske dejavnosti v Celju.<\/p>\n\n\n\n<p><strong>&nbsp;V: Kaj trenutno stanje pomeni za na\u010drtovanje dogodkov? Kaj bi glede tega mo\u010dno olaj\u0161alo va\u0161e poslovanje?<\/strong><\/p>\n\n\n\n<p>Trenutno stanje je nekaj najslab\u0161ega, kar se je industriji sre\u010danj in dogodkov lahko zgodilo. Sre\u010danja in dogodki se namre\u010d na\u010drtujejo in pripravljajo leto dni in tudi ve\u010d vnaprej in jih ni mogo\u010de pripraviti v mesecu ali dveh po tem, ko bomo dobili informacijo, da lahko za\u010dnemo na\u0161o dejavnost zopet izvajati. Da pa ne bomo izgubili \u0161e celotnega leta 2021, kar bi pomenilo konec na\u0161ega podjetje, pa verjetno tudi konec celotnega na\u0161e panoge v Sloveniji, jih sedaj na\u010drtujemo \u00bbna pamet\u00ab. To pa predstavlja \u0161e dodatno tveganje, saj s pripravo dogodkov \u017ee nastajajo dolo\u010deni stro\u0161ki, na drugi strani pa nimamo \u0161e nobenega zagotovila, da nam bo izvedba teh dogodkov tudi v letu 2021 sploh dovoljena.<\/p>\n\n\n\n<p><strong>V: Med krizo smo ugotovili, da je nekatere dogodke mogo\u010de organizirati tudi na daljavo. Kak\u0161no je va\u0161e stali\u0161\u010de glede tega?<\/strong><\/p>\n\n\n\n<p>Ti tako imenovani virtualni dogodki so sedaj neka prisilna nadomestna re\u0161itev, ki pa se po u\u010dinkih tako za razstavljavce, obiskovalce in tudi organizatorje niti pribli\u017eno ne morejo primerjati s pravimi dogodki.<\/p>\n\n\n\n<blockquote class=\"wp-block-quote is-layout-flow wp-block-quote-is-layout-flow\"><p>Na primeru sejmov se je pokazalo, da kljub razvoju interneta in&nbsp;mobilne komunikacije, sejmi niso izumrli, ko so jih napovedali okrog leta 2000, ampak se je njihov razvoj le \u0161e pospe\u0161il.<\/p><\/blockquote>\n\n\n\n<p>Z vsem razvojem tehnologije in tudi spletne prodaje so namre\u010d ostali edini mesto, kjer se proizvajalci in kupci sploh \u0161e lahko sre\u010dajo.. Posel na koncu \u0161e vedno delajo ljudje in ne tehnologija. Virtualni sejmi so lahko in tudi bodo koristna podpora in dopolnitev pravim sejmom, nadomestiti pa jih ne morejo.<\/p>\n\n\n\n<p>Pa tudi pri ostalih dogodkih se je pokazalo, kako \u017ealostni so virtualni koncerti in \u0161portne prireditve brez gledalcev.<\/p>\n\n\n\n<p><strong>V: Kak\u0161ne so va\u0161e izhodne strategije za premagovanje krizne situacije? Ali pripravljate kak\u0161ne inovacije?<\/strong><\/p>\n\n\n\n<p>Glede na to, da je v na\u0161i lasti najve\u010dje sejmi\u0161\u010de v Sloveniji in tudi eden najve\u010djih in najsodobnej\u0161ih kongresnih centrov, s to infrastrukturo te\u017eko po\u010dnemo kaj drugega kot dogodke, namenjene velikemu \u0161tevilo ljudi.<\/p>\n\n\n\n<blockquote class=\"wp-block-quote is-layout-flow wp-block-quote-is-layout-flow\"><p>V tem vmesnem \u010dasu smo na\u0161e sejemske dvorane ponudili kot prostore za skladi\u0161\u010denje za kratkoro\u010dno obdobje.<\/p><\/blockquote>\n\n\n\n<p>S tem dobimo vsaj nekaj za pokrivanje fiksnih stro\u0161kov vzdr\u017eevanja te infrastrukture, je pa ta infrastruktura na previsokem nivoju in predraga, da bi bila dolgoro\u010dno namenjena za skladi\u0161\u010da.<\/p>\n\n\n\n<p>Tudi mi pripravljamo virtualne sejme in nekaj manj\u0161ih dogodkov v okviru trenutno dovoljenega \u0161tevila udele\u017eencev v skladu s trenutno predpisanimi varnostnimi ukrepi, vendar vse to so za\u010dasne re\u0161itve, od katerih podjetje ne more \u017eiveti in se razvijati.<\/p>\n\n\n\n<p>\u010ce bo ta situacija trajala dalj \u010dasa, torej se nadaljevala tudi v letu 2021, je na\u0161a edina re\u0161itev, da prenehamo s sejemsko dejavnostjo, prodamo na\u0161o infrastrukturo in za\u010dnemo s kak\u0161no povsem drugo dejavnostjo. Tudi na ta scenarij se \u017ee pripravljamo.<\/p>\n\n\n\n<p>Upamo pa, da do tega vendarle ne bo pri\u0161lo, saj sejmi in kongresi niso pomembni samo za na\u0161e podjetje, ampak za tiso\u010de podjetij, ki se vsako leto predstavlja na na\u0161ih sejmih. \u010ce sejmi ne bi bili pomembni za poslovanje in razvoj njihovih podjetij, se jih prav gotovo ne bi udele\u017eevali, saj za podjetja nastopi na sejmih predstavljajo precej\u0161nje stro\u0161ke in veliko dela.<\/p>\n\n\n\n<p>Ne smemo pa pozabiti tudi na multiplikativne u\u010dinke sejmov in kongresov. V skladu z mednarodnimi raziskavami je bilo \u017ee ve\u010dkrat ugotovljeno, da ta v dr\u017eavah, kot je Slovenija zna\u0161a okrog 5.<\/p>\n\n\n\n<blockquote class=\"wp-block-quote is-layout-flow wp-block-quote-is-layout-flow\"><p>To pomeni, da vsak evro, ki ga zaslu\u017ei organizator sejma, prinese \u0161e dodatnih pet evrov mestu in regiji, kjer se sejem odvija.<\/p><\/blockquote>\n\n\n\n<p>Od sejmov in kongresov je namre\u010d odvisno veliko \u0161tevilo hotelov in drugih nastanitvenih zmogljivosti, restavracij in cateringov, postavljavcev razstavnih prostorov, oblikovalcev, aran\u017eerjev, tiskarjev, prevoznikov in \u0161pediterjev, prevajalcev, postavljavcev \u0161otorov in monta\u017enih dvoran, ozvo\u010devalcev, lu\u010dkarjev, podizvajalcev in\u0161talacij, varnostnih slu\u017eb, rediteljev in prometnikov, \u0161tudentov, ki opravljajo \u0161tudentska dela na sejmih in kongresih, mest, ki slu\u017eijo s parkirninami in dajatvami, ki jih pla\u010dujejo vsi povezani s sejmi in kongresi.<\/p>\n\n\n\n<p><strong>Dejstvo je, da sejmi in kongresi pripeljejo ogromno \u0161tevilo udele\u017eencev, ki predstavljajo poslovne turiste, ki tro\u0161ijo 5 do 7-krat ve\u010d od obi\u010dajnih turistov. Zato je enostavno nepojemljivo, da slovenska vlada in sploh Ministrstvo za gospodarski razvoj in tehnologijo sejemske in kongresne dejavnosti ne prepozna kot del turizma in jih zaradi tega vedno izklju\u010di iz vseh ukrepov in pomo\u010di, ki so namenjene turisti\u010dni dejavnosti.<\/strong>&nbsp;Miselnost, da je za uspe\u0161en turizem dovolj postelja in hrana, bi morala biti \u017ee vsaj 30 let pre\u017eiveta, pa je na \u017ealost glede na ukrepe za spodbujanje turizma o\u010ditno \u0161e vedno glavno vodilo pristojnih za turizem v Sloveniji.<\/p>\n\n\n\n<p><strong>V: Kako ocenjujete Pobudo za ohranitev slovenske industrije sre\u010danj in ali lahko iz nje nastane neko novo fomalno gibanje, povezovanje?&nbsp;Pobudo je namre\u010d podpisalo skoraj 700 posameznikov?<\/strong><\/p>\n\n\n\n<p>Menimo, da vsaka tak\u0161na pobuda dobrodo\u0161la. Kljub temu, da smo na eni strani konkurenca, pa smo pa drugi strani v mnogo\u010dem tudi zelo odvisni eden od drugega. Na primer mi kot organizator sejma sejmov ne bomo mogli organizirati, \u010de bodo propadla vsa podjetja, ki opremljajo razstavne prostore na sejmih. Poleg tega ima precej podobnih te\u017eav, \u0161e sploh v trenutni situaciji, ki jih povezani lahko la\u017eje re\u0161ujemo. S formalnih povezovanjem je konec koncev mogo\u010de izdelati in postaviti tudi standarde kakovosti v na\u0161i dejavnosti, ki jih trenutno ni in s tem za\u0161\u010diti na\u0161e kupce in jim omogo\u010diti, da bodo la\u017eje lo\u010dili zrnje od plevela.<\/p>\n\n\n\n<p><strong>V: Kaj je za vas osebno pomenil prisilni premor? Vam je omogo\u010dil pogled na industrijo sre\u010danj z distance? Kak\u0161en je va\u0161 pogled?<\/strong><\/p>\n\n\n\n<p>Prisilni premor je seveda \u0161ok za na\u0161e podjetje in velik finan\u010dni udarec. Po drugi strani pa je potrebno v vsaki slabi stvari potrebno poiskati tudi kaj dobrega. Po letih hitenja iz projekta v projekt smo tako prvi\u010d dobili nekaj \u010dasa, da temeljito analiziramo na\u0161 model poslovanja, vse sejemske prireditve in ostale dejavnosti. Na osnovi tega smo pri\u0161li kar do precej mo\u017enih izbolj\u0161av in ugotovili, da s kak\u0161nim sejmom ali pa drugim dogodkom pa tudi ni ve\u010d smiselno nadaljevati. Seveda pa pripravljamo scenarije na prilagoditev na\u0161e dejavnosti v prihodnjih letih, pa tudi za umik iz te dejavnosti, \u010de nam poslovanje tudi \u0161e v naslednjem letu ne bo omogo\u010deno in \u010de tudi vlada ne bo ni\u010d naredila za pre\u017eivetje na\u0161e dejavnosti.<\/p>\n\n\n\n<p><strong>V: Va\u0161e mnenje zakaj mora Vlada RS nujno podpreti slovensko industrijo sre\u010danj?<\/strong><\/p>\n\n\n\n<blockquote class=\"wp-block-quote is-layout-flow wp-block-quote-is-layout-flow\"><p>Zato, ker je ta industrija v trenutni krizi dale\u010d najbolj prizadeta.<\/p><\/blockquote>\n\n\n\n<p>\u010ce se je vlada lotila pomagati vsem, ki bodo imeli tudi samo 10 % upad prihodkov, kar bi moralo vsako zdravo podjetje pre\u017eiveti tudi brez pomo\u010di od zunaj, je normalno, da pa \u0161e posebej prisluhne dejavnosti, ki bo utrpela 80 do 100 % upad prihodkov. Sploh \u010de gre za dejavnost, ki je v ve\u010dini zdrava in ima sposobnost pre\u017eivetja in razvoja, vendar ji je zaradi ukrepov dr\u017eave trenutno dejansko prepovedano poslovati.<\/p>\n\n\n\n<p><strong>Poleg tega tudi ne gre za neko ni\u0161no dejavnost, ampak dejavnost, ki direktno zaposluje 15.000 ljudi in ustvari 300 milijonov evrov prihodkov letno, z multiplikativnimi u\u010dinki, ki jih ta dejavnost ima, pa pridemo do milijarde evrov<\/strong>. Tudi glede na to, da je slovenska vlada turizem definirala kot strate\u0161ko dejavnost, ki jo je potrebno na vsak na\u010din re\u0161iti, bo slovenski turizem brez sejmov in kongresov ostal brez velikega \u0161tevila najbolj\u0161ih gostov, \u010de se bo pomagalo samo ponudnikom postelj in hrane.<\/p>\n","protected":false},"excerpt":{"rendered":"<p>ROBERT OTOREPEC, direktor, Celjski sejem d.d. INTERVJUJI REVIJE KONGRES S \u010cLANI INICIATIVNEGA ODBORA ZA OHRANITEV SLOVENSKE INDUSTRIJE SRE\u010cANJ&nbsp; V:&nbsp;Kak\u0161no je va\u0161e uradno stali\u0161\u010de glede dosedanjih ukrepov Vlade RS v pomo\u010d slovenski industriji sre\u010danj? Prvi ukrepi Vlade RS za odpravljanje posledic epidemije so bili tudi za slovensko industrijo sre\u010danj zelo dobrodo\u0161li, predvsem subvencioniranje za\u010dasnega \u010dakanja na [&hellip;]<\/p>\n","protected":false},"author":2,"featured_media":14487,"comment_status":"closed","ping_status":"open","sticky":false,"template":"","format":"standard","meta":{"_acf_changed":false,"footnotes":""},"categories":[1004,1],"tags":[],"class_list":{"0":"post-14485","1":"post","2":"type-post","3":"status-publish","4":"format-standard","5":"has-post-thumbnail","7":"category-ohranitev-slovenske-industrije-srecanj","8":"category-scb"},"acf":[],"_links":{"self":[{"href":"https:\/\/www.slovenia-convention.com\/sl\/wp-json\/wp\/v2\/posts\/14485","targetHints":{"allow":["GET"]}}],"collection":[{"href":"https:\/\/www.slovenia-convention.com\/sl\/wp-json\/wp\/v2\/posts"}],"about":[{"href":"https:\/\/www.slovenia-convention.com\/sl\/wp-json\/wp\/v2\/types\/post"}],"author":[{"embeddable":true,"href":"https:\/\/www.slovenia-convention.com\/sl\/wp-json\/wp\/v2\/users\/2"}],"replies":[{"embeddable":true,"href":"https:\/\/www.slovenia-convention.com\/sl\/wp-json\/wp\/v2\/comments?post=14485"}],"version-history":[{"count":2,"href":"https:\/\/www.slovenia-convention.com\/sl\/wp-json\/wp\/v2\/posts\/14485\/revisions"}],"predecessor-version":[{"id":14489,"href":"https:\/\/www.slovenia-convention.com\/sl\/wp-json\/wp\/v2\/posts\/14485\/revisions\/14489"}],"wp:featuredmedia":[{"embeddable":true,"href":"https:\/\/www.slovenia-convention.com\/sl\/wp-json\/wp\/v2\/media\/14487"}],"wp:attachment":[{"href":"https:\/\/www.slovenia-convention.com\/sl\/wp-json\/wp\/v2\/media?parent=14485"}],"wp:term":[{"taxonomy":"category","embeddable":true,"href":"https:\/\/www.slovenia-convention.com\/sl\/wp-json\/wp\/v2\/categories?post=14485"},{"taxonomy":"post_tag","embeddable":true,"href":"https:\/\/www.slovenia-convention.com\/sl\/wp-json\/wp\/v2\/tags?post=14485"}],"curies":[{"name":"wp","href":"https:\/\/api.w.org\/{rel}","templated":true}]}}