{"id":14499,"date":"2020-08-03T10:09:11","date_gmt":"2020-08-03T09:09:11","guid":{"rendered":"https:\/\/www.slovenia-convention.com\/?p=14499"},"modified":"2020-08-03T10:09:15","modified_gmt":"2020-08-03T09:09:15","slug":"matjaz-turk-v-povezovanju-vidim-sinergijo-dodatno-moc-in-napredek","status":"publish","type":"post","link":"https:\/\/www.slovenia-convention.com\/sl\/matjaz-turk-v-povezovanju-vidim-sinergijo-dodatno-moc-in-napredek\/","title":{"rendered":"MATJA\u017d TURK: &#8220;V povezovanju vidim sinergijo, dodatno mo\u010d in napredek&#8221;"},"content":{"rendered":"\n<p><strong>MATJA\u017d TURK, direktor, Primorski sejem d.o.o.<\/strong><\/p>\n\n\n\n<p>INTERVJUJI REVIJE KONGRES S PODPORNIKI POZIVA VLADI RS ZA OHRANITEV SLOVENSKE INDUSTRIJE SRE\u010cANJ&nbsp;<\/p>\n\n\n\n<p><strong>V: Kak\u0161no je va\u0161e uradno stali\u0161\u010de glede dosedanjih ukrepov Vlade RS v pomo\u010d slovenski industriji sre\u010danj?<\/strong><\/p>\n\n\n\n<p>Vlada je ob pri\u010detku krize hitro sprejela ukrepe za naj\u0161ir\u0161i segment gospodarstva. Ker&nbsp;pa so dolo\u010dene panoge specifi\u010dne,&nbsp;je za prihodnje&nbsp;ukrepe&nbsp;zagotovo \u0161e nekaj rezerve. Industrijo sre\u010danj je&nbsp;kriza najbolj prizadela, ker temelji na osebnih stikih in poslovnih sre\u010danjih ter se ve\u010dina dogodkov pod novimi okoli\u0161\u010dinami in omejitvami&nbsp;ne more izpeljati.<\/p>\n\n\n\n<p>Dogodki, ki pa se morebiti lahko izvedejo, so vpra\u0161ljivi komercialno in poslovno. Niz odpovedi nekaterih dogodkov se zna vrstiti&nbsp;\u0161e v teko\u010dem letu in tudi v prihodnjem letu 2021, kar&nbsp;bi predstavljalo pravo katastrofo.&nbsp;Zato je potrebno nujno imeti v vidu pomo\u010d industriji sre\u010danj&nbsp;za preostanek leta 2020 in za leto 2021 ter tudi v prvih za\u010detnih korakih po kon\u010dani krizi.<\/p>\n\n\n\n<p><strong>V: Kak\u0161en bo izpad prometa v va\u0161em podjetju v primerjavi z letom 2019 (v odstotkih)? Koliko dogodkov ste morali prestaviti ali odpovedati?<\/strong><\/p>\n\n\n\n<p>Odpovedati bomo primorani sejemski dogodek Primorski sejem v Kopru,&nbsp;za drugi sejem GASTexpo v Ljubljani, katerega termin je sicer&nbsp;v januarju 2021 pa \u0161e ne vemo ali ga bomo lahko organizirali, saj je to odvisno od&nbsp;epidemiolo\u0161ke slike in pogojev organizacije, ki so vezani na aktualne&nbsp;uredbe,&nbsp;omejitve in prepovedi. V primerjavi z letom 2019 bele\u017eimo&nbsp;35 % izpad prometa.<\/p>\n\n\n\n<blockquote class=\"wp-block-quote is-layout-flow wp-block-quote-is-layout-flow\"><p>\u010ce pa bi se morebiti trend odpovedi sejmov nadaljeval tudi v letu 2021 pa lahko zabele\u017eimo celo&nbsp;100%&nbsp;izpad&nbsp;prihodkov.<\/p><\/blockquote>\n\n\n\n<p><strong>V: Vlada ne popu\u0161\u010da glede omejitev pri izvajanju dogodkov. Kdaj se vam zdi, da se bo stanje na tem podro\u010dju za\u010delo normalizirati?<\/strong><\/p>\n\n\n\n<p>Glede na trenutno epidemiolo\u0161ko sliko po svetu&nbsp;stanje ni ni\u010d kaj obetavno in upo\u0161tevajo\u010d,&nbsp;da se nam pribli\u017eujeta jesen in zima, ko nastopijo \u0161e druge&nbsp;oku\u017ebe dihal kot so prehladi in gripa, se to ne bo ni\u010d kaj izbolj\u0161alo. Udejaniti se zna scenarij, da se bodo stvari pri\u010dele normalizirati&nbsp;\u0161ele po odkritju cepiva ali zdravila, kot je mo\u010d&nbsp;zaslediti&nbsp;v medijih in po napovedih znanstvene stroke v sredini prihodnjega&nbsp;leta 2021.<\/p>\n\n\n\n<p><strong>V: Kaj trenutno stanje pomeni za na\u010drtovanje dogodkov? Kaj bi glede tega mo\u010dno olaj\u0161alo va\u0161e poslovanje?<\/strong><\/p>\n\n\n\n<p>Planiranje je sedaj izredno te\u017eko ali celo nemogo\u010de, saj organizator dogodka ne ve, kako se bo spreminjala epidemiolo\u0161ka slika, ki vpliva na pogoje izvedbe dogodkov.&nbsp;Kljub temu, da sedaj imamo znane parametre in omejitve glede organizacije dogodkov, se zaradi&nbsp;specifike nekaterih dogodkov kljub temu ne uspe&nbsp;izpeljati in je planiranje zato brezpredmetno.<\/p>\n\n\n\n<p>Olaj\u0161anje bi za vse vsekakor pomenilo bistveno izbolj\u0161anje epidemiolo\u0161ke slike, ki bi omogo\u010dalo&nbsp;izvedbo dogodkov brez ve\u010djih omejitev oz. \u010dimprej\u0161nje cepivo ali zdravilo za korona virus.<\/p>\n\n\n\n<p><strong>V: Med krizo smo ugotovili, da je nekatere dogodke mogo\u010de organizirati tudi na daljavo. Kak\u0161no je va\u0161e stali\u0161\u010de glede tega?<\/strong><\/p>\n\n\n\n<p>Nekatere dogodke je res mo\u017eno&nbsp;organizirati na daljavo, tiste, ki pa temeljijo prete\u017eno ali izklju\u010dno na osebnem stiku in poslovnih&nbsp;sre\u010danjih, kar je tudi njihovo osnovno izro\u010dilo,&nbsp;je pa nesmotrno oz. nemogo\u010de. Sem sodijo tudi sejmi. Te\u017eko si zami\u0161ljam organizacijo sejma na daljavo oz. da bi to v tej smeri postala nekak\u0161na stalnica.<\/p>\n\n\n\n<blockquote class=\"wp-block-quote is-layout-flow wp-block-quote-is-layout-flow\"><p>Ni\u010d namre\u010d ne more nadomestiti osebnega med\u010dlove\u0161kega stika!<\/p><\/blockquote>\n\n\n\n<p><strong>&nbsp;V: Kak\u0161ne so va\u0161e izhodne strategije za premagovanje krizne situacije? Ali pripravljate kak\u0161ne inovacije?<\/strong><\/p>\n\n\n\n<p>Na\u0161a osnovna dejavnost je organiziranje sejmov&nbsp;in spremljajo\u010dih strokovnih prireditev. Kot navedeno sejmi temeljijo na osebnem kontaktu med prodajalcem in kupcem in prav to je&nbsp;sedaj zaradi korona virusa zelo omejeno.&nbsp;<\/p>\n\n\n\n<p>V primeru mo\u017enosti organizacije sejma pod &#8220;korona omejitvami&#8221;, ki so na sejemsko tr\u017ei\u0161\u010de prinesle povsem spremenje poslovne in druge okoli\u0161\u010dine, bomo sku\u0161ali v najve\u010dji mo\u017eni meri zadovoljiti tako razstavljalca kot obiskovalca. Postavlja pa se seveda vpra\u0161anje, kako bodo spremenjene poslovne in druge okoli\u0161\u010dine za sejemski nastop sprejeli razstavljalci in obiskovalci.<\/p>\n\n\n\n<p>Glede inovacij se vsekakor&nbsp;postavlja vidik re\u0161itve organizacije dogodka na daljavo. Glede sejmov sicer menim, da je le to skorajda nemogo\u010de oz. v kolikor bi se za to smer odlo\u010dili, je to&nbsp;nekak\u0161na za\u010dasna prehodna re\u0161itev&nbsp;v \u010dasu krize. Ni\u010d namre\u010d ne more nadomestiti osebnega stika &#8211; izdelek \u0161e vedno namre\u010d prodaja \u010dlovek !<\/p>\n\n\n\n<p><strong>V: Kako ocenjujete Pobudo za ohranitev slovenske industrije sre\u010danj in ali lahko iz nje nastane neko novo fomalno gibanje, povezovanje?&nbsp;Pobudo je namre\u010d podpisalo skoraj 700 posameznikov?<\/strong><\/p>\n\n\n\n<p>Pobuda je seveda ve\u010d kot&nbsp;dobrodo\u0161la in nujno potrebna. Ob nastanku krize je sicer nastala z majhnim \u010dasovnim zamikom,&nbsp;kar je seveda razumljivo, ker subjekti v industriji sre\u010danj nismo povezani v formalno zdru\u017eenje in je bil potreben \u010das, da smo najprej sploh dojeli, kaj se pravzaprav &#8220;dogaja&#8221;&nbsp;in nato takoj pri\u010deli z zdru\u017eevanjem.<\/p>\n\n\n\n<blockquote class=\"wp-block-quote is-layout-flow wp-block-quote-is-layout-flow\"><p>Za v prihodnje bi bilo vsekakor priporo\u010dljivo, \u010de ne \u017ee nujno potrebno, da se subjekti v industriji sre\u010danj zdru\u017eimo v eno izmed oblik formalnega zdru\u017eenja.<\/p><\/blockquote>\n\n\n\n<p>Tako bomo lahko v prihodnosti na ve\u010d podro\u010djih&nbsp;uveljavljali ne samo svoje poslovne interese, temve\u010d tudi interese gospodarstva in drugih (in)direktnih uporabnikov na\u0161ih storitev, saj industrija sre\u010danj&nbsp;ustvarja izjemne multiplikativne u\u010dinke!&nbsp;<\/p>\n\n\n\n<p>Sam sem bil pred 25 leti \u017ee aktiven pri tovrstnemu zdru\u017eevanju&nbsp;na podro\u010dju organizatorjev sejmov, tako da razpolagam z zelo koristno izku\u0161njo, ki bi jo bilo vredno upo\u0161tevati v primeru prihodnjih aktivnosti.<\/p>\n\n\n\n<p><strong>&nbsp;V: Kaj je za vas osebno pomenil prisilni premor? Vam je omogo\u010dil pogled na industrijo sre\u010danj z distance? Kak\u0161en je va\u0161 pogled?<\/strong><\/p>\n\n\n\n<p>Sem podjetnik in zato je za&nbsp;mene osebno prislilni premor povzro\u010dil pravo malo katastrofo.&nbsp;Po uspe\u0161nem zaklju\u010dku leto\u0161njega sejemskega projekta GASTexpo,&nbsp;smo za jubilejni 15. sejem zastavili strategijo \u0161iritve klju\u010dnih trgov, pove\u010danja razstavnih povr\u0161in in \u0161tevilne svetovne premiere s podro\u010dja Ho_Re_Ca. Korona kriza pa&nbsp;je sedaj vse to izni\u010dila in pri\u010deti bomo morali iz samega za\u010detka.<\/p>\n\n\n\n<p>Nastala situacija je pa pokazala, kako je industrija sre\u010danj ranljiva, saj temelji na osebnih stikih.<\/p>\n\n\n\n<p>&nbsp;<strong>V: Va\u0161e mnenje zakaj mora Vlada RS nujno podpreti slovensko industrijo sre\u010danj?<\/strong><\/p>\n\n\n\n<p>Podpora je ve\u010d kot potrebna in nujna zaradi multiplikativnih u\u010dinkov dejavnosti.&nbsp;Industrija sre\u010danj namre\u010d temelji&nbsp;na osebnem stiku oz. poslovnih in dru\u017eabnih sre\u010danjih in prav to je korona virus najbolj prizadel. Mnoga podjetja ne bodo v stanju opravljati svoje osnovne dejavnosti in imeli bi lahko celo do 100% izpad poslovnih prihodkov in to ne samo letos, morebiti celo prihodnje leto. Kaj vse to potegne za seboj glede zaposlovanja in drugih negativnih u\u010dinkov, si je skorajda nemogo\u010de predstavljati.&nbsp;Koliko je bilo v teh letih v industriji sre\u010danj vlo\u017eenih naporov, vlaganj, izobra\u017eevanja kadrov &#8230;&#8230;.<\/p>\n\n\n\n<p>Ne smemo pozabiti&nbsp;na&nbsp;izjemne multiplikativne u\u010dinke, ki jih nekateri dogodki nudijo tako udele\u017eencem kot tudi \u0161ir\u0161i okolici. Naj&nbsp;zaklju\u010dim s sejemskim&nbsp;sporo\u010dilom: &#8220;Sejmi so gonilo gospodarskega razvoja.&#8221;<\/p>\n","protected":false},"excerpt":{"rendered":"<p>MATJA\u017d TURK, direktor, Primorski sejem d.o.o. INTERVJUJI REVIJE KONGRES S PODPORNIKI POZIVA VLADI RS ZA OHRANITEV SLOVENSKE INDUSTRIJE SRE\u010cANJ&nbsp; V: Kak\u0161no je va\u0161e uradno stali\u0161\u010de glede dosedanjih ukrepov Vlade RS v pomo\u010d slovenski industriji sre\u010danj? Vlada je ob pri\u010detku krize hitro sprejela ukrepe za naj\u0161ir\u0161i segment gospodarstva. Ker&nbsp;pa so dolo\u010dene panoge specifi\u010dne,&nbsp;je za prihodnje&nbsp;ukrepe&nbsp;zagotovo \u0161e [&hellip;]<\/p>\n","protected":false},"author":2,"featured_media":14500,"comment_status":"closed","ping_status":"open","sticky":false,"template":"","format":"standard","meta":{"_acf_changed":false,"footnotes":""},"categories":[1004],"tags":[],"class_list":{"0":"post-14499","1":"post","2":"type-post","3":"status-publish","4":"format-standard","5":"has-post-thumbnail","7":"category-ohranitev-slovenske-industrije-srecanj"},"acf":[],"_links":{"self":[{"href":"https:\/\/www.slovenia-convention.com\/sl\/wp-json\/wp\/v2\/posts\/14499","targetHints":{"allow":["GET"]}}],"collection":[{"href":"https:\/\/www.slovenia-convention.com\/sl\/wp-json\/wp\/v2\/posts"}],"about":[{"href":"https:\/\/www.slovenia-convention.com\/sl\/wp-json\/wp\/v2\/types\/post"}],"author":[{"embeddable":true,"href":"https:\/\/www.slovenia-convention.com\/sl\/wp-json\/wp\/v2\/users\/2"}],"replies":[{"embeddable":true,"href":"https:\/\/www.slovenia-convention.com\/sl\/wp-json\/wp\/v2\/comments?post=14499"}],"version-history":[{"count":1,"href":"https:\/\/www.slovenia-convention.com\/sl\/wp-json\/wp\/v2\/posts\/14499\/revisions"}],"predecessor-version":[{"id":14502,"href":"https:\/\/www.slovenia-convention.com\/sl\/wp-json\/wp\/v2\/posts\/14499\/revisions\/14502"}],"wp:featuredmedia":[{"embeddable":true,"href":"https:\/\/www.slovenia-convention.com\/sl\/wp-json\/wp\/v2\/media\/14500"}],"wp:attachment":[{"href":"https:\/\/www.slovenia-convention.com\/sl\/wp-json\/wp\/v2\/media?parent=14499"}],"wp:term":[{"taxonomy":"category","embeddable":true,"href":"https:\/\/www.slovenia-convention.com\/sl\/wp-json\/wp\/v2\/categories?post=14499"},{"taxonomy":"post_tag","embeddable":true,"href":"https:\/\/www.slovenia-convention.com\/sl\/wp-json\/wp\/v2\/tags?post=14499"}],"curies":[{"name":"wp","href":"https:\/\/api.w.org\/{rel}","templated":true}]}}