{"id":14640,"date":"2020-09-10T14:05:48","date_gmt":"2020-09-10T13:05:48","guid":{"rendered":"https:\/\/www.slovenia-convention.com\/?p=14640"},"modified":"2020-09-10T14:05:51","modified_gmt":"2020-09-10T13:05:51","slug":"predstavitev-slovenije-na-francoskem-trziscu","status":"publish","type":"post","link":"https:\/\/www.slovenia-convention.com\/sl\/predstavitev-slovenije-na-francoskem-trziscu\/","title":{"rendered":"Predstavitev Slovenije na francoskem tr\u017ei\u0161\u010du"},"content":{"rendered":"\n<p><em>Po nekajmese\u010dnem premoru se je ekipa Kongresnega urada Slovenije udele\u017eila leto\u0161nje prve specializirane poslovne delavnice izven meja Slovenije. V za\u010detku septembra se je Slovenija predstavila francoskim organizatorjem dogodkov kot zelena, buti\u010dna in raznolika destinacija, primerna za organizacijo raznovrstnih poslovnih sre\u010danj, dogodkov, kongresov ter motivacijskih do\u017eivetij.\u00a0<\/em><\/p>\n\n\n\n<p>V za\u010detku septembra je\u00a0<a href=\"http:\/\/www.slovenia-convention.com\/\">Kongresni urad Slovenije<\/a>\u00a0ob podpori\u00a0<a href=\"https:\/\/www.slovenia.info\/sl\/poslovne-strani\/vse-o-sto\">Slovenske turisti\u010dne organzacije<\/a>\u00a0in uveljavljeno francosko agencijo\u00a0<a href=\"http:\/\/www.partance.fr\/\">Partance<\/a>, organiziral in izvedel specializirano poslovno delavnico v Parizu, z namenom promocije Slovenije na francoskem tr\u017ei\u0161\u010du.\u00a0<strong>Tematsko obarvan dogodek z nazivom &#8220;Nazaj v \u0161olo&#8221;, ki je bila simboli\u010dno povezana z aktiviranjem industrije sre\u010danj in motivacijskih potovanj.<\/strong> Delavnica v francoski prestolnici je tako predstavljala u\u010dinkovito kombinacijo poslovnega mre\u017eenja in sestankov.<\/p>\n\n\n\n<p>Slovenska industrija sre\u010danj v zadnjih letih\u00a0<strong>bele\u017ei nara\u0161\u010danje \u0161tevila poslovnih gostov iz Francije<\/strong>, deloma tudi zaradi direktnih letalskih povezav med dr\u017eavama, zaradi \u010desar je\u00a0<strong>Francija trg z velikim potencialom za rast<\/strong>\u00a0tudi v kontekstu poslovnega turizma na doma\u010dih tleh. Deloma pa tudi zaradi ve\u010dletnega konsistentnega izvajanja promocije na francoskem tr\u017ei\u0161\u010du.<\/p>\n\n\n\n<p>Poslovne delavnice v Parizu se je udele\u017eilo\u00a0<strong>preko 50 uglednih francoskih organizatorjev sre\u010danj<\/strong>, kjer so le-ti imeli prilo\u017enost izvedeti ve\u010d o \u0161tevilnih mo\u017enostih organizacije raznovrstnih dogodkov in motivacijskih potovanj v Sloveniji. Kongresni urad Slovenije je v Parizu zastopal tudi sedem partnerjev, razli\u010dne ponudnike MICE storitev v Sloveniji:\u00a0<a rel=\"noreferrer noopener\" href=\"https:\/\/www.visitljubljana.com\/en\/ljubljana-convention-bureau\/\" target=\"_blank\"><strong>Kongresni urad pri Turizmu Ljubljana<\/strong><\/a>,\u00a0<a rel=\"noreferrer noopener\" href=\"https:\/\/www.hoteli-bernardin.si\/en\/\" target=\"_blank\"><strong>Hoteli Bernardin &#8211; Sava Resorts &amp; Hotels<\/strong><\/a>,\u00a0<a rel=\"noreferrer noopener\" href=\"http:\/\/www.lifeclass.net\/en\/\" target=\"_blank\"><strong>LifeClass Hotels &amp; Resorts<\/strong><\/a>,\u00a0<a rel=\"noreferrer noopener\" href=\"https:\/\/www.kempinski.com\/en\/istria\/palace-portoroz\/\" target=\"_blank\"><strong>Hotel Kempinski Palace Portoro\u017e<\/strong><\/a>,\u00a0<a rel=\"noreferrer noopener\" href=\"https:\/\/www.sava-hotels-resorts.com\/en\/sava-hoteli-bled\" target=\"_blank\"><strong>Sava Hoteli Bled &#8211; Sava Resorts &amp; Hotels<\/strong><\/a>,\u00a0<strong><a rel=\"noreferrer noopener\" href=\"https:\/\/www.bohinj-eco-hotel.si\/\" target=\"_blank\">Bohinj ECO Hotel<\/a><\/strong>, and\u00a0<a rel=\"noreferrer noopener\" href=\"http:\/\/www.intours-dmc.com\/\" target=\"_blank\"><strong>Intours DMC<\/strong><\/a>. Po dogodku so vsi klienti prejeli ustrezne informacije in predstavitve tudi v digitalni obliki z osebnim vabilom za prijavo na\u00a0<strong><a href=\"https:\/\/conventa.si\/\">13.\u00a0 Convento<\/a><\/strong>, ki se bo prvi\u010d odvila v hibridni obliki.<\/p>\n\n\n\n<p>Po nekajmese\u010dnem premoru je predstavitev Slovenije v \u017eivo, vsem skupaj vlia optimizem in spodbudo za \u010dimprej\u0161nji zagon dejavnosti poslovnih sre\u010danj, dogodkov in motivacijskih potovanj.<\/p>\n","protected":false},"excerpt":{"rendered":"<p>Po nekajmese\u010dnem premoru se je ekipa Kongresnega urada Slovenije udele\u017eila leto\u0161nje prve specializirane poslovne delavnice izven meja Slovenije. V za\u010detku septembra se je Slovenija predstavila francoskim organizatorjem dogodkov kot zelena, buti\u010dna in raznolika destinacija, primerna za organizacijo raznovrstnih poslovnih sre\u010danj, dogodkov, kongresov ter motivacijskih do\u017eivetij.\u00a0 V za\u010detku septembra je\u00a0Kongresni urad Slovenije\u00a0ob podpori\u00a0Slovenske turisti\u010dne organzacije\u00a0in uveljavljeno [&hellip;]<\/p>\n","protected":false},"author":2,"featured_media":14632,"comment_status":"closed","ping_status":"open","sticky":false,"template":"","format":"standard","meta":{"_acf_changed":false,"footnotes":""},"categories":[27],"tags":[],"class_list":{"0":"post-14640","1":"post","2":"type-post","3":"status-publish","4":"format-standard","5":"has-post-thumbnail","7":"category-novice-urada"},"acf":[],"_links":{"self":[{"href":"https:\/\/www.slovenia-convention.com\/sl\/wp-json\/wp\/v2\/posts\/14640","targetHints":{"allow":["GET"]}}],"collection":[{"href":"https:\/\/www.slovenia-convention.com\/sl\/wp-json\/wp\/v2\/posts"}],"about":[{"href":"https:\/\/www.slovenia-convention.com\/sl\/wp-json\/wp\/v2\/types\/post"}],"author":[{"embeddable":true,"href":"https:\/\/www.slovenia-convention.com\/sl\/wp-json\/wp\/v2\/users\/2"}],"replies":[{"embeddable":true,"href":"https:\/\/www.slovenia-convention.com\/sl\/wp-json\/wp\/v2\/comments?post=14640"}],"version-history":[{"count":1,"href":"https:\/\/www.slovenia-convention.com\/sl\/wp-json\/wp\/v2\/posts\/14640\/revisions"}],"predecessor-version":[{"id":14641,"href":"https:\/\/www.slovenia-convention.com\/sl\/wp-json\/wp\/v2\/posts\/14640\/revisions\/14641"}],"wp:featuredmedia":[{"embeddable":true,"href":"https:\/\/www.slovenia-convention.com\/sl\/wp-json\/wp\/v2\/media\/14632"}],"wp:attachment":[{"href":"https:\/\/www.slovenia-convention.com\/sl\/wp-json\/wp\/v2\/media?parent=14640"}],"wp:term":[{"taxonomy":"category","embeddable":true,"href":"https:\/\/www.slovenia-convention.com\/sl\/wp-json\/wp\/v2\/categories?post=14640"},{"taxonomy":"post_tag","embeddable":true,"href":"https:\/\/www.slovenia-convention.com\/sl\/wp-json\/wp\/v2\/tags?post=14640"}],"curies":[{"name":"wp","href":"https:\/\/api.w.org\/{rel}","templated":true}]}}