{"id":14882,"date":"2020-11-11T15:09:12","date_gmt":"2020-11-11T14:09:12","guid":{"rendered":"https:\/\/www.slovenia-convention.com\/?p=14882"},"modified":"2020-11-11T15:09:15","modified_gmt":"2020-11-11T14:09:15","slug":"slovenia-meetings-letos-na-virtualni-poslovni-borzi-ibtm-world","status":"publish","type":"post","link":"https:\/\/www.slovenia-convention.com\/sl\/slovenia-meetings-letos-na-virtualni-poslovni-borzi-ibtm-world\/","title":{"rendered":"Slovenia Meetings letos na virtualni poslovni borzi IBTM World"},"content":{"rendered":"\n<p><strong><em>Kongresni urad Slovenije se v tesnem sodelovanju s Slovensko turisti\u010dno organizacijo in doma\u010dimi ponudniki, \u017ee vrsto let aktivno predstavlja na poslovni borzi IBTM World kot trajnostna in buti\u010dna destinacija, primerna za organizacijo raznovrstnih sre\u010danj, dogodkov in motivacijskih do\u017eivetij. Tokrat se bo Slovenija predstavljala na virtualni razli\u010dici borze, ki bo potekala med 8. in 10. decembrom 2020.<\/em><\/strong><\/p>\n\n\n\n<p><strong>Trenutne globalne okoli\u0161\u010dine, ki so \u0161e posebej mo\u010dno prizadele industrijo sre\u010danj in dogodkov ter motivacijskih potovanj, niso prizanesle tudi organizatorjem in udele\u017eencem poslovnih borz. Zato so se organizatorji&nbsp;<\/strong>poslovne borze IBTM World, ki je \u2013 poleg borze IMEX Frankfurt \u2013&nbsp;<strong>najve\u010dji dogodek svetovne industrije sre\u010danj v Evropi<\/strong>, letos odlo\u010dili za virtualno izvedbo. Kongresni urad Slovenije se ob podpori Slovenske turisti\u010dne organizacije v sodelovanju z doma\u010dimi ponudniki in destinacijami na barcelonski borzi&nbsp;<strong>predstavlja \u017ee ve\u010d kot 20 let<\/strong>.<\/p>\n\n\n\n<p>Povsem nova platforma&nbsp;<strong><a href=\"https:\/\/www.ibtmworld.com\/virtual\/visit\/?utm_source=google&amp;utm_medium=cpc&amp;utm_campaign=online_conference&amp;utm_content=conversion&amp;utm_term=campaign=%7Bcampaign%7D&amp;keyword=%2Bibtm%20%2Bvirtual&amp;gclid=CjwKCAiAtK79BRAIEiwA4OskBlj2UriVD8LdpMxrwMQ70EgvwlMKiLR5ZRYf7menfC6zdBDFDtSUjBoCC5wQAvD_BwE\">IBTM World Virtual 2020<\/a><\/strong>&nbsp;bo ponudila veliko prilo\u017enosti za&nbsp;<strong>raziskovanje razli\u010dnih destinacij in ustvarjanje kakovostnih kontaktov<\/strong>, ter v okviru tridnevnega dogajanja postregla z obilico prilo\u017enosti za virtualna sre\u010danja, mre\u017eenje in pridobivanje novih znanj ter ve\u0161\u010din.<\/p>\n\n\n\n<p><em>&#8220;Tukaj smo, da vam zagotovimo inovativen navdih, da vas pove\u017eemo z industrijo in poskrbimo za izjemne dogodke.&#8221;<\/em>&nbsp;Reed Exhibitions Ltd., IBTM World Virtual 2020<\/p>\n\n\n\n<p>Na virtualnem slovenskem razstavnem prostoru z oznako&nbsp;<em><strong><a href=\"https:\/\/www.ibtmworld.com\/en\/Exhibitors\/6997825\/Slovenian-Convention-Bureau\">F100<\/a><\/strong><\/em><em>&nbsp;<\/em>se bodo&nbsp;<strong>med 8. in 10. decembrom 2020<\/strong>&nbsp;strokovni MICE javnosti in medijem z vsega sveta pod okriljem Kongresnega urada Slovenije predstavili tudi doma\u010di predstavniki kongresno-turisti\u010dne Slovenije. Ob podpori Slovenske turisti\u010dne organizacije bo v okviru borznega dogajanja potekala tudi&nbsp;<strong>posebna promocija Slovenije<\/strong>. Poleg \u0161tevilnih mo\u017enosti&nbsp;<strong>izobra\u017eevanja,<\/strong>&nbsp;<strong>pridobivanja novih znanj in ve\u0161\u010din ter mre\u017eenja<\/strong>, bo nova platforma IBTM World Virtual postregla z enkratno prilo\u017enostjo&nbsp;<strong>virtualnih sre\u010danj s kupci in odlo\u010devalci<\/strong>.&nbsp;<\/p>\n\n\n\n<p>Ker pa virtualnost ne more nadomestiti pristnega \u010dlove\u0161kega stika in medsebojne povezanosti, ki jo omogo\u010da zgolj klasi\u010den na\u010din sre\u010devanja, si tudi doma\u010da skupnost industrije sre\u010danj najbolj \u017eeli sre\u010danj v \u017eivo, ob vestnem upo\u0161tevanju ukrepov in priporo\u010dil za varovanje zdravja.&nbsp;<\/p>\n","protected":false},"excerpt":{"rendered":"<p>Kongresni urad Slovenije se v tesnem sodelovanju s Slovensko turisti\u010dno organizacijo in doma\u010dimi ponudniki, \u017ee vrsto let aktivno predstavlja na poslovni borzi IBTM World kot trajnostna in buti\u010dna destinacija, primerna za organizacijo raznovrstnih sre\u010danj, dogodkov in motivacijskih do\u017eivetij. Tokrat se bo Slovenija predstavljala na virtualni razli\u010dici borze, ki bo potekala med 8. in 10. decembrom [&hellip;]<\/p>\n","protected":false},"author":2,"featured_media":14615,"comment_status":"closed","ping_status":"open","sticky":false,"template":"","format":"standard","meta":{"_acf_changed":false,"footnotes":""},"categories":[27],"tags":[],"class_list":{"0":"post-14882","1":"post","2":"type-post","3":"status-publish","4":"format-standard","5":"has-post-thumbnail","7":"category-novice-urada"},"acf":[],"_links":{"self":[{"href":"https:\/\/www.slovenia-convention.com\/sl\/wp-json\/wp\/v2\/posts\/14882","targetHints":{"allow":["GET"]}}],"collection":[{"href":"https:\/\/www.slovenia-convention.com\/sl\/wp-json\/wp\/v2\/posts"}],"about":[{"href":"https:\/\/www.slovenia-convention.com\/sl\/wp-json\/wp\/v2\/types\/post"}],"author":[{"embeddable":true,"href":"https:\/\/www.slovenia-convention.com\/sl\/wp-json\/wp\/v2\/users\/2"}],"replies":[{"embeddable":true,"href":"https:\/\/www.slovenia-convention.com\/sl\/wp-json\/wp\/v2\/comments?post=14882"}],"version-history":[{"count":1,"href":"https:\/\/www.slovenia-convention.com\/sl\/wp-json\/wp\/v2\/posts\/14882\/revisions"}],"predecessor-version":[{"id":14883,"href":"https:\/\/www.slovenia-convention.com\/sl\/wp-json\/wp\/v2\/posts\/14882\/revisions\/14883"}],"wp:featuredmedia":[{"embeddable":true,"href":"https:\/\/www.slovenia-convention.com\/sl\/wp-json\/wp\/v2\/media\/14615"}],"wp:attachment":[{"href":"https:\/\/www.slovenia-convention.com\/sl\/wp-json\/wp\/v2\/media?parent=14882"}],"wp:term":[{"taxonomy":"category","embeddable":true,"href":"https:\/\/www.slovenia-convention.com\/sl\/wp-json\/wp\/v2\/categories?post=14882"},{"taxonomy":"post_tag","embeddable":true,"href":"https:\/\/www.slovenia-convention.com\/sl\/wp-json\/wp\/v2\/tags?post=14882"}],"curies":[{"name":"wp","href":"https:\/\/api.w.org\/{rel}","templated":true}]}}