{"id":15183,"date":"2021-01-07T16:22:24","date_gmt":"2021-01-07T15:22:24","guid":{"rendered":"https:\/\/www.slovenia-convention.com\/?p=15183"},"modified":"2021-01-07T16:28:25","modified_gmt":"2021-01-07T15:28:25","slug":"video-interviews-organising-congresses-is-an-opportunity-to-present-science-to-the-public","status":"publish","type":"post","link":"https:\/\/www.slovenia-convention.com\/sl\/video-interviews-organising-congresses-is-an-opportunity-to-present-science-to-the-public\/","title":{"rendered":"Video interviews: Organising congresses is an opportunity to present science to the public"},"content":{"rendered":"\n<p><em>Video interviews with Slovenian Congress Ambassadors, Prof. Matja\u017e Kav\u010di\u010d, and Prof. Bla\u017e Koritnik<\/em><\/p>\n\n\n\n<h2 class=\"wp-block-heading\">Prof. Matja\u017e Kav\u010di\u010d, PhD<\/h2>\n\n\n\n<p>Prof. Matja\u017e Kav\u010di\u010d, PhD, a Senior Research Associate at the Institute Jo\u017eef Stefan in Ljubljana has been nominated for the Slovenian Congress Ambassador after the successful organisation of the&nbsp;<strong>European Conference on X-Ray Spectrometry, EXRS 2018<\/strong>. The conference was held at the Ljubljana Exhibition and Convention Centre and brought together 326 participants from 38 countries. One of the highlights of the conference was a public lecture by Prof. Alexander Foehlisch from Helmholtz-Zentrum Berlin and Potsdam University, and one of the most esteemed world experts on X-Ray Spectrometry.<\/p>\n\n\n\n<figure class=\"wp-block-embed is-type-video is-provider-youtube wp-block-embed-youtube wp-embed-aspect-16-9 wp-has-aspect-ratio\"><div class=\"wp-block-embed__wrapper\">\n<iframe loading=\"lazy\" title=\"doc. dr. Matja\u017e Kav\u010di\u010d je postal kongresni ambasador za leto 2020\" width=\"696\" height=\"392\" src=\"https:\/\/www.youtube.com\/embed\/nkv--tc3txE?feature=oembed\" frameborder=\"0\" allow=\"accelerometer; autoplay; clipboard-write; encrypted-media; gyroscope; picture-in-picture\" allowfullscreen><\/iframe>\n<\/div><\/figure>\n\n\n\n<h2 class=\"wp-block-heading\">Prof. Bla\u017e Koritnik, MD-PhD<\/h2>\n\n\n\n<p>Prof. Bla\u017e Koritnik, MD-PhD is a specialised neurologist and the representative of the Neurophysiology Department at the Division of Neurology of the University Medical Centre Ljubljana. As a member of SiNAPSA, The Slovenian Neuroscience Association, he has been actively spreading awareness and knowledge regarding the importance of brain health and diseases to the public. He has been nominated for the Slovenian Congress Ambassador for organising over 25 national and international meetings in the last 15 years, including the&nbsp;<strong>ENCALS meeting, European Network to Cure ALS<\/strong>. The conference was held in CD-Congress Center Ljubljana in 2017 and brought together 298 participants.<\/p>\n\n\n\n<figure class=\"wp-block-embed is-type-video is-provider-youtube wp-block-embed-youtube wp-embed-aspect-16-9 wp-has-aspect-ratio\"><div class=\"wp-block-embed__wrapper\">\n<iframe loading=\"lazy\" title=\"doc. dr. Bla\u017e Koritnik, dr. med., spec. nevrolog je postal kongresni ambasador za leto 2020\" width=\"696\" height=\"392\" src=\"https:\/\/www.youtube.com\/embed\/f4JTxNeND0U?feature=oembed\" frameborder=\"0\" allow=\"accelerometer; autoplay; clipboard-write; encrypted-media; gyroscope; picture-in-picture\" allowfullscreen><\/iframe>\n<\/div><\/figure>\n\n\n\n<p>Both Prof. Kav\u010di\u010d and Prof. Koritnik share the same opinion that organising international congresses in your own country brings recognition and acknowledgement of their work and the fields they represent. They are proud to be able to host experts from around the world in Ljubljana. The title of the Slovenian Congress Ambassador encourages them to attract international events to Slovenia in the future.<\/p>\n\n\n\n<p><\/p>\n","protected":false},"excerpt":{"rendered":"<p>Video interviews with Slovenian Congress Ambassadors, Prof. Matja\u017e Kav\u010di\u010d, and Prof. Bla\u017e Koritnik Prof. Matja\u017e Kav\u010di\u010d, PhD Prof. Matja\u017e Kav\u010di\u010d, PhD, a Senior Research Associate at the Institute Jo\u017eef Stefan in Ljubljana has been nominated for the Slovenian Congress Ambassador after the successful organisation of the&nbsp;European Conference on X-Ray Spectrometry, EXRS 2018. The conference was [&hellip;]<\/p>\n","protected":false},"author":2,"featured_media":15184,"comment_status":"closed","ping_status":"open","sticky":false,"template":"","format":"standard","meta":{"_acf_changed":false,"footnotes":""},"categories":[21],"tags":[],"class_list":{"0":"post-15183","1":"post","2":"type-post","3":"status-publish","4":"format-standard","5":"has-post-thumbnail","7":"category-bureau-news"},"acf":[],"_links":{"self":[{"href":"https:\/\/www.slovenia-convention.com\/sl\/wp-json\/wp\/v2\/posts\/15183","targetHints":{"allow":["GET"]}}],"collection":[{"href":"https:\/\/www.slovenia-convention.com\/sl\/wp-json\/wp\/v2\/posts"}],"about":[{"href":"https:\/\/www.slovenia-convention.com\/sl\/wp-json\/wp\/v2\/types\/post"}],"author":[{"embeddable":true,"href":"https:\/\/www.slovenia-convention.com\/sl\/wp-json\/wp\/v2\/users\/2"}],"replies":[{"embeddable":true,"href":"https:\/\/www.slovenia-convention.com\/sl\/wp-json\/wp\/v2\/comments?post=15183"}],"version-history":[{"count":2,"href":"https:\/\/www.slovenia-convention.com\/sl\/wp-json\/wp\/v2\/posts\/15183\/revisions"}],"predecessor-version":[{"id":15187,"href":"https:\/\/www.slovenia-convention.com\/sl\/wp-json\/wp\/v2\/posts\/15183\/revisions\/15187"}],"wp:featuredmedia":[{"embeddable":true,"href":"https:\/\/www.slovenia-convention.com\/sl\/wp-json\/wp\/v2\/media\/15184"}],"wp:attachment":[{"href":"https:\/\/www.slovenia-convention.com\/sl\/wp-json\/wp\/v2\/media?parent=15183"}],"wp:term":[{"taxonomy":"category","embeddable":true,"href":"https:\/\/www.slovenia-convention.com\/sl\/wp-json\/wp\/v2\/categories?post=15183"},{"taxonomy":"post_tag","embeddable":true,"href":"https:\/\/www.slovenia-convention.com\/sl\/wp-json\/wp\/v2\/tags?post=15183"}],"curies":[{"name":"wp","href":"https:\/\/api.w.org\/{rel}","templated":true}]}}