{"id":15648,"date":"2021-05-11T08:37:05","date_gmt":"2021-05-11T07:37:05","guid":{"rendered":"https:\/\/www.slovenia-convention.com\/?p=15648"},"modified":"2021-05-11T08:37:08","modified_gmt":"2021-05-11T07:37:08","slug":"vse-oci-so-uprte-v-poletni-conventa-experience-teden","status":"publish","type":"post","link":"https:\/\/www.slovenia-convention.com\/sl\/vse-oci-so-uprte-v-poletni-conventa-experience-teden\/","title":{"rendered":"Vse o\u010di so uprte v poletni conventa experience teden"},"content":{"rendered":"\n<p>Zadnji teden avgusta bo potekal v znamenju Convente in Convente Crossover&nbsp;<\/p>\n\n\n\n<p><strong>Organizatorji Convente smo jeseni 2020 objavili prestavitev Convente na zadnji teden avgusta 2021. Glede na izbolj\u0161ano epidiemiolo\u0161ko situacijo in na\u010drt spro\u0161\u010danja dogodkov v na\u0161em delu Evrope, z veseljem potrjujemo zdru\u017eeno izvedbo dogodkov Conventa in Conventa Crossover.&nbsp;<\/strong><strong>CONVENTA TEDEN bo potekal od 24. do 27. avgusta 2021 v hibridni izvedbi. Skozi celoten teden bomo skupaj gradili vizijo regijske industrije sre\u010danj, predvsem pa si \u017eelimo, da bi se v \u010dim ve\u010djem \u0161tevilu sre\u010dali v \u017eivo, saj je osebni stik neprecenljiv.&nbsp;&nbsp;<\/strong><\/p>\n\n\n\n<p>Klju\u010dna je na\u0161a obveza, da bomo dogodek izpeljali v vsakem primeru v novem terminu konec avgusta. Hibridni model zdru\u017euje najbolj\u0161e iz sveta dogodkov v \u017eivo in digitalnih dogodkov, in nam omogo\u010da agilno prilagajanje situaciji.<\/p>\n\n\n\n<p>Na\u0161a klju\u010dna skrb pri organizaciji je upo\u0161tevanje potrebnih varnostnih ukrepov za prepre\u010ditev \u0161irjenja oku\u017ebe s Covid-19.&nbsp;Zato smo organizatorji pridobili certifikat \u201cVarno in zdravo na dogodke\u201d. Tudi na ta na\u010din bo dogodek varen za vse udele\u017eence in podporno osebje. Na tem podro\u010dju pa smo naredili \u0161e korak naprej. Projekt&nbsp;<strong>#SAFECONVENTA<\/strong>&nbsp;temelji na priporo\u010dilih testnih projektov po Evropi, ki smo jih uporabili kot sestavni del desetih to\u010dk za zagotavljanje varnosti na Conventi. Podrobnosti si lahko preberete na povezavi #SAFECONVENTA.<\/p>\n\n\n\n<p>Osrednja tema celotnega tedna je \u017ee velikokrat sli\u0161ana paradigma:&nbsp;<strong>MISLI GLOBALNO \u2013 DELUJ REGIONALNO<\/strong>. Dejstvo je, da smo v teh \u010dasih popolnoma odvisni od lokalnega in regijskega trga in verjetno bo tako \u0161e kar nekaj \u010dasa. Conventa je tudi v \u010dasih najve\u010dje ekspanzije ostala zvesta regiji Nove Evrope. Zanimalo nas bo tudi, ali se v regiji lahko uveljavimo kot evropska&nbsp;<strong>Kalifornija industrije sre\u010danj<\/strong>&nbsp;in kako. Tej temi bo posve\u010den dogodek Conventa Crossover.&nbsp;<\/p>\n\n\n\n<p>KAJ VSE SE BO DOGAJALO V CONVENTA TEDNU?<\/p>\n\n\n\n<p><strong>CONVENTA REGIONAL FORUM 2021&nbsp;<\/strong><\/p>\n\n\n\n<p>Torek, 24. avgust 2021 od 14.00 do 15.30 ure<\/p>\n\n\n\n<p>Forum za SMART organizatorje dogodkov po koronavirusu&nbsp;<\/p>\n\n\n\n<p>Format: hibridni&nbsp;<\/p>\n\n\n\n<p><strong>POSLOVNA BORZA CONVENTA 2021<\/strong><\/p>\n\n\n\n<p>Sreda 25., in \u010dertek, 26. avgust 2021 od&nbsp;10.00 do 17.00<\/p>\n\n\n\n<p>Najstarej\u0161a regijska poslovna borza industrije sre\u010danj&nbsp;<\/p>\n\n\n\n<p>Format: v \u017eivo (mo\u017enost spletnih sestankov)<\/p>\n\n\n\n<p><strong>CONVENTA CROSSOVER 2021<\/strong><\/p>\n\n\n\n<p>Petek, 27. avgusta 2021 od od 09.00 do 21.00<\/p>\n\n\n\n<p>Festival dogodkov in izkustvenega marketinga&nbsp;<\/p>\n\n\n\n<p>Format: hibridni&nbsp;<\/p>\n\n\n\n<p><strong>CONVENTA BEST EVENT AWARD 2021&nbsp;<\/strong><\/p>\n\n\n\n<p>\u010cetrtek, 26. in petek, 27. avgust 2021<\/p>\n\n\n\n<p>Tekmovanje za najbolj\u0161i dogodek v regiji Nove Evrope&nbsp;<\/p>\n\n\n\n<p>Format: hibridni&nbsp;<\/p>\n\n\n\n<p><strong>Na\u010delo hibridne izvedbe CONVENTA TEDNA 2021<\/strong><\/p>\n\n\n\n<p>LIVE razstavljalci, ve\u010dina vabljenih gostov, del udele\u017eencev Conventa Crossover<\/p>\n\n\n\n<p>+&nbsp;<\/p>\n\n\n\n<p>ONLINE vabljeni gostje, ki zaradi omejitev ne morejo na dogodek, izbrani predavatelji in del udele\u017eencev Conventa Crossover&nbsp;<\/p>\n\n\n\n<p>=&nbsp;<\/p>\n\n\n\n<p>HIBRIDNI CONVENTA TEDEN<\/p>\n\n\n\n<p>Organizatorji Convente povezujemo regijsko industrijo sre\u010danj tudi v obdobju, v katerem smo vsi morali sprejeti nove okoli\u0161\u010dine ter prilagoditi svoj na\u010din poslovanja in \u017eivljenja. Conventa ostaja, ker je vztrajna, pogumna in zavezana svojemu poslanstvu. \u0160e vedno pa verjamemo in prisegamo na&nbsp;&nbsp;mo\u010d \u017eivih dogodkov, ki jih po na\u0161em mnenju ne more nadomestiti nobena druga oblika komunikacije.&nbsp;<\/p>\n\n\n\n<p>Gorazd \u010cad, soustanovitelj Convente je poudaril:&nbsp;<em>\u00bbStrokovno organizirani poslovni dogodki so po mojem mnenju ena najbolj varnih in zdravih oblik dru\u017eenja. Organizatorji Convente bomo poskrbeli, da se boste na Conventi po\u010dutili varne, spro\u0161\u010dene in umirjene. Pokazali pa vam bomo, kako narediti dogodke in celotno industrijo bolj\u0161o in bolj trajnostno\u00ab<\/em><\/p>\n\n\n\n<p><strong>CONVENTA TEDEN JE PRAZNIK REGIJSKE INDUSTRIJE SRE\u010cANJ&nbsp;<\/strong><\/p>\n\n\n\n<p>Enkrat letno se sre\u010damo v \u017eivo v Ljubljani na prazniku regijske kongresne industrije, Potrudili se bomo, da bo tako \u0161e naprej, ne glede na vse ovire. Predvsem pa si \u017eelimo, da bi se v \u010dimve\u010djem \u0161tevilu sre\u010dali v \u017eivo na varen in zdrav na\u010din, saj je osebni stik neprecenljiv.&nbsp;<\/p>\n\n\n\n<p>Zato si rezervirajte \u010das za Conventa teden,&nbsp;<strong>od 24. do 27. avgusta 2021<\/strong>&nbsp;v Ljubljani.&nbsp;<\/p>\n\n\n\n<p><a href=\"http:\/\/www.conventa.si\/\">www.conventa.si<\/a>;&nbsp;<a href=\"http:\/\/www.crossover.si\/\">www.crossover.si<\/a><\/p>\n\n\n\n<p>Gradivo za medije:&nbsp;<\/p>\n\n\n\n<ul class=\"wp-block-list\"><li>Fototeka Conventa&nbsp;<\/li><li>Fotografije soustanoviteljev Convente<\/li><li>Kratek povzetek Convente (About Conventa)<\/li><li>Video Conventa 2020&nbsp;<\/li><li>Video Conventa 2021&nbsp;<\/li><\/ul>\n\n\n\n<p>Informacije za medije: Natalija Bah \u010cad, e-mail: <a href=\"mailto:natalija@toleranca.eu\" target=\"_blank\" rel=\"noreferrer noopener\">natalija@toleranca.eu<\/a><\/p>\n","protected":false},"excerpt":{"rendered":"<p>Zadnji teden avgusta bo potekal v znamenju Convente in Convente Crossover&nbsp; Organizatorji Convente smo jeseni 2020 objavili prestavitev Convente na zadnji teden avgusta 2021. Glede na izbolj\u0161ano epidiemiolo\u0161ko situacijo in na\u010drt spro\u0161\u010danja dogodkov v na\u0161em delu Evrope, z veseljem potrjujemo zdru\u017eeno izvedbo dogodkov Conventa in Conventa Crossover.&nbsp;CONVENTA TEDEN bo potekal od 24. do 27. avgusta [&hellip;]<\/p>\n","protected":false},"author":2,"featured_media":15479,"comment_status":"closed","ping_status":"open","sticky":false,"template":"","format":"standard","meta":{"_acf_changed":false,"footnotes":""},"categories":[27],"tags":[],"class_list":{"0":"post-15648","1":"post","2":"type-post","3":"status-publish","4":"format-standard","5":"has-post-thumbnail","7":"category-novice-urada"},"acf":[],"_links":{"self":[{"href":"https:\/\/www.slovenia-convention.com\/sl\/wp-json\/wp\/v2\/posts\/15648","targetHints":{"allow":["GET"]}}],"collection":[{"href":"https:\/\/www.slovenia-convention.com\/sl\/wp-json\/wp\/v2\/posts"}],"about":[{"href":"https:\/\/www.slovenia-convention.com\/sl\/wp-json\/wp\/v2\/types\/post"}],"author":[{"embeddable":true,"href":"https:\/\/www.slovenia-convention.com\/sl\/wp-json\/wp\/v2\/users\/2"}],"replies":[{"embeddable":true,"href":"https:\/\/www.slovenia-convention.com\/sl\/wp-json\/wp\/v2\/comments?post=15648"}],"version-history":[{"count":1,"href":"https:\/\/www.slovenia-convention.com\/sl\/wp-json\/wp\/v2\/posts\/15648\/revisions"}],"predecessor-version":[{"id":15649,"href":"https:\/\/www.slovenia-convention.com\/sl\/wp-json\/wp\/v2\/posts\/15648\/revisions\/15649"}],"wp:featuredmedia":[{"embeddable":true,"href":"https:\/\/www.slovenia-convention.com\/sl\/wp-json\/wp\/v2\/media\/15479"}],"wp:attachment":[{"href":"https:\/\/www.slovenia-convention.com\/sl\/wp-json\/wp\/v2\/media?parent=15648"}],"wp:term":[{"taxonomy":"category","embeddable":true,"href":"https:\/\/www.slovenia-convention.com\/sl\/wp-json\/wp\/v2\/categories?post=15648"},{"taxonomy":"post_tag","embeddable":true,"href":"https:\/\/www.slovenia-convention.com\/sl\/wp-json\/wp\/v2\/tags?post=15648"}],"curies":[{"name":"wp","href":"https:\/\/api.w.org\/{rel}","templated":true}]}}