{"id":16318,"date":"2021-09-02T14:27:39","date_gmt":"2021-09-02T13:27:39","guid":{"rendered":"https:\/\/www.slovenia-convention.com\/?p=16318"},"modified":"2022-08-03T05:56:34","modified_gmt":"2022-08-03T04:56:34","slug":"tadeja-pivc-coudyser-nova-direktorica-kongresnega-urada-slovenije","status":"publish","type":"post","link":"https:\/\/www.slovenia-convention.com\/sl\/tadeja-pivc-coudyser-nova-direktorica-kongresnega-urada-slovenije\/","title":{"rendered":"Tadeja Pivc Coudyser nova direktorica Kongresnega urada Slovenije"},"content":{"rendered":"\n<p><em><strong>Kongresni urad Slovenije ima novo direktorico, gospo Tadejo Pivc Coudyser<\/strong>.&nbsp;<\/em><\/p>\n\n\n\n<p>Za\u010detek septembra 2021 za <strong><a href=\"https:\/\/www.slovenia-convention.com\/\" target=\"_blank\" rel=\"noreferrer noopener\">Kongresni urad Slovenije<\/a><\/strong> predstavlja \u0161e enega v nizu pomembnih mejnikov, saj&nbsp;<strong>svoje poslanstvo nadaljuje z novo direktorico, gospo Tadejo Pivc Coudyser<\/strong>. Miha Kova\u010di\u010d, eden klju\u010dnih akterjev v doma\u010di industriji sre\u010danj, je po 16-ih letih sklenil svoje poslanstvo na Uradu. Mihu se sr\u010dno zahvaljujemo za vse dose\u017eke v preteklih letih in z navdu\u0161enjem pozdravljamo Tadejo.<\/p>\n\n\n\n<p>Tadeja je prepoznaven obraz v mednarodnem okolju industrije sre\u010danj, znana je predvsem po svoji predhodni vlogi v Haa\u0161kem kongresnem uradu, kjer je bila od leta 2016 zadol\u017eena za mednarodno prodajo. Tadejine strokovne izku\u0161nje in znanje bodo zagotovo prispevali k uresni\u010devanju vizije in poslanstva Urada, saj si bo skupaj z izku\u0161enim kolektivom, <a href=\"https:\/\/www.slovenia.info\/sl\">strate\u0161kim partnerjem<\/a> in doma\u010dimi dele\u017eniki, prizadevala za nadaljnji razvoj in napredek dejavnosti.<\/p>\n\n\n\n<hr class=\"wp-block-separator has-text-color has-css-opacity has-background is-style-wide\" style=\"background-color:#8b9d29;color:#8b9d29\"\/>\n\n\n\n<p>V nadaljevanju si lahko preberete <strong>kratek intervju z novo direktorico.<\/strong><\/p>\n\n\n\n<figure class=\"wp-block-image size-large\"><img decoding=\"async\" src=\"https:\/\/www.slovenia-convention.com\/wp-content\/uploads\/Tadejo-Pivc-Coudyser-in-Miha-Kovacic_predaja-pozicije-direktorja-KUS-1024x768.jpg\" alt=\"Tadeja Pivc Coudyser and Miha Kovacic\" class=\"wp-image-16297\"\/><figcaption>Tadeja Pivc Coudyser z Miho Kova\u010di\u010dem ob prevzemu nove funkcije<\/figcaption><\/figure>\n\n\n\n<p><strong>Miha:<\/strong>&nbsp;Tadeja, naj ti uvodoma za\u017eelim toplo dobrodo\u0161lico na Kongresnem uradu Slovenije. Po 13-ih letih v tujini se vra\u010da\u0161 v Slovenijo. Veseli me, da bo\u0161 mesto direktorja oz. direktorice Urada prevzela ravno ti, z vsem dragocenim znanjem in izku\u0161njami, ki si jih nabirala v mednarodnem okolju industrije sre\u010danj, hkrati pa si dodobra seznanjena z doma\u010dim produktom poslovnih sre\u010danj in dogodkov ter motivacijskih potovanj in do\u017eivetij.<\/p>\n\n\n\n<p><strong>Tadeja:<\/strong>&nbsp;Miha, hvala lepa, zahvaljujem pa se tudi slovenskim partnerjem in MICE dele\u017enikom za zaupanje in veliko prilo\u017enost, ki mi je bila dana, da zastopam in promoviram Slovenijo kot MICE destinacijo po vsem svetu. Veseli me, da bom lahko prenesla svoje znanje in izku\u0161nje ter se tudi u\u010dila od Slovenia Meetings skupnosti. Vedno sem&nbsp;<em>od dale\u010d&nbsp;<\/em>spremljala aktivnosti Kongresnega urada Slovenije in zasledila nekaj neverjetnih stvari.<\/p>\n\n\n\n<p><strong>Tadeja:<\/strong>&nbsp;Miha, \u010de pogleda\u0161 nazaj, na kaj si najbolj ponosen?<\/p>\n\n\n\n<p><strong>Miha:<\/strong>&nbsp;V preteklih 16-ih letih smo izvedli veliko projektov, pobud in po\u017eeli kar nekaj ve\u010djih uspehov, zato te\u017eko izpostavim zgolj eno stvar. Mislim, da je poslovna borza Conventa eden izmed teh uspehov, saj delujemo veliko let, tudi letos. Prej\u0161nji teden se je odvila \u017ee 13. edicija.<\/p>\n\n\n\n<p><strong>Miha:<\/strong>&nbsp;Torej, to je pogled v preteklost, sedaj pa poglejmo v prihodnost. Zakaj si se odlo\u010dila vrniti v Slovenijo in kak\u0161ne mo\u017enosti vidi\u0161 tu?<\/p>\n\n\n\n<p><strong>Tadeja:<\/strong>&nbsp;Vrnitev v Slovenijo je vznemirljiva, vsak dan znova odkrivam nove stvari in moram priznati, da se je v 13-ih letih veliko spremenilo. Veseli me, da delam za svojo domovino in jo promoviram v mednarodnem okolju. Ponosna sem na na\u0161 krasen ko\u0161\u010dek Evrope, ki je izjemno raznolik in ponuja tako veliko. Menim, da mnogi poznajo lepote Slovenije, od gora, jezer, naravnih in kulturnih privla\u010dnosti, do urbanih sredi\u0161\u010d in morja. Produkt motivacijskih potovanj in do\u017eivetij je mo\u010dan, zato vidim prilo\u017enost tudi za okrepitev poslovnih dogodkov, saj imamo &nbsp;izvrstno infrastrukturo in \u010dlove\u0161ki kapital tudi na tem podro\u010dju.<\/p>\n\n\n\n<p><strong>Miha:<\/strong>&nbsp;Tadeja, \u017eelim ti veliko uspeha.<\/p>\n\n\n\n<p><strong>Tadeja:<\/strong>&nbsp;Hvala, Miha.<\/p>\n\n\n\n<hr class=\"wp-block-separator has-text-color has-css-opacity has-background is-style-wide\" style=\"background-color:#8b9d29;color:#8b9d29\"\/>\n\n\n\n<p>Aktivnosti Kongresnega urada Slovenije bodo tudi v prihodnje usmerjene&nbsp;v<strong>&nbsp;mednarodno&nbsp;promocijo in pove\u010devanje prepoznavnosti Slovenije<\/strong>&nbsp;kot buti\u010dne, zelene, aktivne, zdrave, trajnostno naravnane destinacije&nbsp;<strong>za organizacijo raznovrstnih poslovnih in strokovnih dogodkov, kongresov ter motivacijskih potovanj<\/strong>.<\/p>\n\n\n\n<p>Tadeji \u017eelimo vso sre\u010do in obilo uspeha v njenem prvem \u0161tiriletnem mandatu!<\/p>\n","protected":false},"excerpt":{"rendered":"<p>Kongresni urad Slovenije ima novo direktorico, gospo Tadejo Pivc Coudyser.&nbsp; Za\u010detek septembra 2021 za Kongresni urad Slovenije predstavlja \u0161e enega v nizu pomembnih mejnikov, saj&nbsp;svoje poslanstvo nadaljuje z novo direktorico, gospo Tadejo Pivc Coudyser. Miha Kova\u010di\u010d, eden klju\u010dnih akterjev v doma\u010di industriji sre\u010danj, je po 16-ih letih sklenil svoje poslanstvo na Uradu. Mihu se sr\u010dno [&hellip;]<\/p>\n","protected":false},"author":2,"featured_media":0,"comment_status":"closed","ping_status":"open","sticky":false,"template":"","format":"standard","meta":{"_acf_changed":false,"footnotes":""},"categories":[2],"tags":[],"class_list":{"0":"post-16318","1":"post","2":"type-post","3":"status-publish","4":"format-standard","6":"category-zku"},"acf":[],"_links":{"self":[{"href":"https:\/\/www.slovenia-convention.com\/sl\/wp-json\/wp\/v2\/posts\/16318","targetHints":{"allow":["GET"]}}],"collection":[{"href":"https:\/\/www.slovenia-convention.com\/sl\/wp-json\/wp\/v2\/posts"}],"about":[{"href":"https:\/\/www.slovenia-convention.com\/sl\/wp-json\/wp\/v2\/types\/post"}],"author":[{"embeddable":true,"href":"https:\/\/www.slovenia-convention.com\/sl\/wp-json\/wp\/v2\/users\/2"}],"replies":[{"embeddable":true,"href":"https:\/\/www.slovenia-convention.com\/sl\/wp-json\/wp\/v2\/comments?post=16318"}],"version-history":[{"count":4,"href":"https:\/\/www.slovenia-convention.com\/sl\/wp-json\/wp\/v2\/posts\/16318\/revisions"}],"predecessor-version":[{"id":17811,"href":"https:\/\/www.slovenia-convention.com\/sl\/wp-json\/wp\/v2\/posts\/16318\/revisions\/17811"}],"wp:attachment":[{"href":"https:\/\/www.slovenia-convention.com\/sl\/wp-json\/wp\/v2\/media?parent=16318"}],"wp:term":[{"taxonomy":"category","embeddable":true,"href":"https:\/\/www.slovenia-convention.com\/sl\/wp-json\/wp\/v2\/categories?post=16318"},{"taxonomy":"post_tag","embeddable":true,"href":"https:\/\/www.slovenia-convention.com\/sl\/wp-json\/wp\/v2\/tags?post=16318"}],"curies":[{"name":"wp","href":"https:\/\/api.w.org\/{rel}","templated":true}]}}