{"id":18503,"date":"2023-01-26T14:00:04","date_gmt":"2023-01-26T13:00:04","guid":{"rendered":"https:\/\/www.slovenia-convention.com\/?p=18503"},"modified":"2023-01-26T14:00:05","modified_gmt":"2023-01-26T13:00:05","slug":"bliza-se-jubilejna-15-conventa","status":"publish","type":"post","link":"https:\/\/www.slovenia-convention.com\/sl\/bliza-se-jubilejna-15-conventa\/","title":{"rendered":"Bli\u017ea se jubilejna 15. Conventa"},"content":{"rendered":"\n<p><em>Prvo in najstarej\u0161e sti\u010di\u0161\u010de industrije sre\u010danj v Novi Evropi praznuje jubilejnih 15 let.<\/em><\/p>\n\n\n\n<p><em>Eden najstarej\u0161ih poslovnih dogodkov regijske industrije sre\u010danj vsako leto spremeni Ljubljano v sti\u010di\u0161\u010de profesionalnih organizatorjev dogodkov.\u00a0<strong>Conventa\u00a0<\/strong>se je po dvakratni koronski izvedbi v mesecu avgustu spet vrnila v tradicionalni zimski termin. Med\u00a0<strong>1. in 2. februarjem\u00a0<\/strong>se bo 95 razstavljalcev iz 15 dr\u017eav sre\u010dalo s 146 vabljenimi gosti iz 36 dr\u017eav. Leto\u0161nja Conventa bo potekala v znamenju nagrade za najbolj\u0161i trajnostni dogodek, ki jo je Conventa prejela na na tekmovanju za najbolj\u0161e dogodke na svetu BEAWorld. Kot so povedali organizatorji, je to velika \u010dast in hkrati odgovornost. Skupaj z 19 partnerji Convente bodo pokazali, da je mogo\u010de zadovoljiti potrebe udele\u017eencev ob hkratnem zmanj\u0161evanju oglji\u010dnega odtisa in drugih pritiskov na okolje.<\/em><\/p>\n\n\n\n<p>Conventa je najve\u010dja poslovna borza industrije sre\u010danj v Novi Evropi, zato je po besedah organizatorjev klju\u010dno izpolnjevanje ciljev projekta. To jim je uspelo tudi v leto\u0161njem letu, saj se bo dogodka udele\u017eilo 95 razstavljalcev in 146 vabljenih gostov, ki bodo v \u010dasu dogodka sklenili preko 2500 poslovnih sestankov. V povpre\u010dju ima vsak razstavljavec v dveh dneh dogodka 30 osebnih sestankov s potencialnimi kupci.<\/p>\n\n\n\n<p>Ve\u010d informacij najdete v prilo\u017eenem PR obvestilu: <a rel=\"noreferrer noopener\" href=\"https:\/\/www.slovenia-convention.com\/wp-content\/uploads\/Sporocilo-za-javnost-Conventa-2023-15.-obletnica.pdf\" target=\"_blank\"><strong>Conventa 2023<\/strong><\/a><\/p>\n\n\n\n<p><em>Conventa<\/em><\/p>\n","protected":false},"excerpt":{"rendered":"<p>Prvo in najstarej\u0161e sti\u010di\u0161\u010de industrije sre\u010danj v Novi Evropi praznuje jubilejnih 15 let. Eden najstarej\u0161ih poslovnih dogodkov regijske industrije sre\u010danj vsako leto spremeni Ljubljano v sti\u010di\u0161\u010de profesionalnih organizatorjev dogodkov.\u00a0Conventa\u00a0se je po dvakratni koronski izvedbi v mesecu avgustu spet vrnila v tradicionalni zimski termin. Med\u00a01. in 2. februarjem\u00a0se bo 95 razstavljalcev iz 15 dr\u017eav sre\u010dalo s [&hellip;]<\/p>\n","protected":false},"author":2,"featured_media":18342,"comment_status":"closed","ping_status":"open","sticky":false,"template":"","format":"standard","meta":{"_acf_changed":false,"footnotes":""},"categories":[26],"tags":[],"class_list":{"0":"post-18503","1":"post","2":"type-post","3":"status-publish","4":"format-standard","5":"has-post-thumbnail","7":"category-conventa-sl"},"acf":[],"_links":{"self":[{"href":"https:\/\/www.slovenia-convention.com\/sl\/wp-json\/wp\/v2\/posts\/18503","targetHints":{"allow":["GET"]}}],"collection":[{"href":"https:\/\/www.slovenia-convention.com\/sl\/wp-json\/wp\/v2\/posts"}],"about":[{"href":"https:\/\/www.slovenia-convention.com\/sl\/wp-json\/wp\/v2\/types\/post"}],"author":[{"embeddable":true,"href":"https:\/\/www.slovenia-convention.com\/sl\/wp-json\/wp\/v2\/users\/2"}],"replies":[{"embeddable":true,"href":"https:\/\/www.slovenia-convention.com\/sl\/wp-json\/wp\/v2\/comments?post=18503"}],"version-history":[{"count":1,"href":"https:\/\/www.slovenia-convention.com\/sl\/wp-json\/wp\/v2\/posts\/18503\/revisions"}],"predecessor-version":[{"id":18506,"href":"https:\/\/www.slovenia-convention.com\/sl\/wp-json\/wp\/v2\/posts\/18503\/revisions\/18506"}],"wp:featuredmedia":[{"embeddable":true,"href":"https:\/\/www.slovenia-convention.com\/sl\/wp-json\/wp\/v2\/media\/18342"}],"wp:attachment":[{"href":"https:\/\/www.slovenia-convention.com\/sl\/wp-json\/wp\/v2\/media?parent=18503"}],"wp:term":[{"taxonomy":"category","embeddable":true,"href":"https:\/\/www.slovenia-convention.com\/sl\/wp-json\/wp\/v2\/categories?post=18503"},{"taxonomy":"post_tag","embeddable":true,"href":"https:\/\/www.slovenia-convention.com\/sl\/wp-json\/wp\/v2\/tags?post=18503"}],"curies":[{"name":"wp","href":"https:\/\/api.w.org\/{rel}","templated":true}]}}