{"id":19392,"date":"2023-03-27T12:10:17","date_gmt":"2023-03-27T11:10:17","guid":{"rendered":"https:\/\/www.slovenia-convention.com\/?p=19392"},"modified":"2023-03-27T12:13:40","modified_gmt":"2023-03-27T11:13:40","slug":"love-istria-se-je-predstavila-v-milanu","status":"publish","type":"post","link":"https:\/\/www.slovenia-convention.com\/sl\/love-istria-se-je-predstavila-v-milanu\/","title":{"rendered":"Love Istria se je predstavila v Milanu"},"content":{"rendered":"\n<p><strong>Love Istria, blagovna znamka, pod katero se promovirajo \u0161tiri istrske destinacije, se je 22. marca 2023, predstavila v sredi\u0161\u010du Milana. Predstavniki turisti\u010dnih organizacij so novinarje povabili k odkrivanju bogate naravne in kulturne dedi\u0161\u010dine slovenske Istre, edinstvene wellness ponudbe, kulinarike, aktivnosti na prostem in edinstvenih do\u017eivetij.\u00a0<\/strong><\/p>\n\n\n\n<p>Glavni namen dogodka v elitni restavraciji Identit\u00e0 Golose, kjer se je zbralo ve\u010d kot 35 predstavnikov medijev, kot so Il Giornale, Corriere della sera, Mediaset, Dove, Femminile F in drugi, je bil krepitev promocije destinacije slovenska Istra \u2013 Love Istria \u2013&nbsp; na italijanskem trgu. Po upadu preno\u010ditev italijanskih gostov v \u010dasu pandemije se z leto\u0161njim letom ka\u017eejo znaki okrevanja tega, za slovensko Istro, klju\u010dnega tr\u017ei\u0161\u010da.&nbsp;<\/p>\n\n\n\n<p>&nbsp;\u00bbItalijanski trg je leto 2022 zaklju\u010dil na drugem mestu po preno\u010ditvah, a je \u0161e vedno zaostajal v primerjavi z letom 2019. V prvih mesecih leto\u0161njega leta smo opazili veliko zanimanje za Slovenijo, ki se bo zagotovo nadaljevalo tudi v poletnih mesecih. Verjamemo, da je predstavitev pod enotno blagovno znamko Love Istria izjemna pozitivna novost za italijanske medije. S fokusiranimi promocijskimi aktivnostmi na trgu \u017eelimo doprinesti veliko zanimanja&nbsp;za Slovenijo in slovenske Istro z \u017eeljo, da bi Italija postala spet klju\u010dni trg za celotno destinacijo,\u00ab je po novinarski konferenci povedal&nbsp;<strong>Aljo\u0161a Ota<\/strong>, vodja predstavni\u0161tva Slovenske turisti\u010dne organizacije v Italiji.<\/p>\n\n\n\n<figure class=\"wp-block-image size-large\"><img loading=\"lazy\" decoding=\"async\" width=\"1024\" height=\"768\" src=\"https:\/\/www.slovenia-convention.com\/wp-content\/uploads\/Novinarska-konferenca-Love-Istria_22.3-2023-14-1024x768.jpg\" alt=\"\" class=\"wp-image-19393\" srcset=\"https:\/\/www.slovenia-convention.com\/wp-content\/uploads\/Novinarska-konferenca-Love-Istria_22.3-2023-14-1024x768.jpg 1024w, https:\/\/www.slovenia-convention.com\/wp-content\/uploads\/Novinarska-konferenca-Love-Istria_22.3-2023-14-768x576.jpg 768w, https:\/\/www.slovenia-convention.com\/wp-content\/uploads\/Novinarska-konferenca-Love-Istria_22.3-2023-14-1536x1152.jpg 1536w, https:\/\/www.slovenia-convention.com\/wp-content\/uploads\/Novinarska-konferenca-Love-Istria_22.3-2023-14-2048x1536.jpg 2048w, https:\/\/www.slovenia-convention.com\/wp-content\/uploads\/Novinarska-konferenca-Love-Istria_22.3-2023-14-150x113.jpg 150w, https:\/\/www.slovenia-convention.com\/wp-content\/uploads\/Novinarska-konferenca-Love-Istria_22.3-2023-14-300x225.jpg 300w, https:\/\/www.slovenia-convention.com\/wp-content\/uploads\/Novinarska-konferenca-Love-Istria_22.3-2023-14-696x522.jpg 696w, https:\/\/www.slovenia-convention.com\/wp-content\/uploads\/Novinarska-konferenca-Love-Istria_22.3-2023-14-1068x801.jpg 1068w, https:\/\/www.slovenia-convention.com\/wp-content\/uploads\/Novinarska-konferenca-Love-Istria_22.3-2023-14-1920x1440.jpg 1920w, https:\/\/www.slovenia-convention.com\/wp-content\/uploads\/Novinarska-konferenca-Love-Istria_22.3-2023-14-560x420.jpg 560w, https:\/\/www.slovenia-convention.com\/wp-content\/uploads\/Novinarska-konferenca-Love-Istria_22.3-2023-14-80x60.jpg 80w, https:\/\/www.slovenia-convention.com\/wp-content\/uploads\/Novinarska-konferenca-Love-Istria_22.3-2023-14-265x198.jpg 265w, https:\/\/www.slovenia-convention.com\/wp-content\/uploads\/Novinarska-konferenca-Love-Istria_22.3-2023-14-1320x990.jpg 1320w\" sizes=\"auto, (max-width: 1024px) 100vw, 1024px\" \/><\/figure>\n\n\n\n<p>Na dogodku, ki je bil organiziran v sodelovanju s Slovensko turisti\u010dno organizacijo, sta&nbsp;<strong>mag. Patricija Gr\u017eini\u010d<\/strong>&nbsp;iz Turisti\u010dnega zdru\u017eenja Portoro\u017e in&nbsp;<strong>Peter \u017dudi\u0107<\/strong>&nbsp;iz Zavoda za mladino, kulturo in turizem Koper medijem predstavila ponudbo destinacije&nbsp;s poudarkom na do\u017eivetjih, ki so jih v zadnjem letu razvijale tako turisti\u010dne destinacije kot tudi turisti\u010dno gospodarstvo. Manjkale niso niti istrske jedi izpod rok chefa&nbsp;<strong>Du\u0161ana Brki\u0107a<\/strong>&nbsp;iz Gostilne Sonja in vina Posestva Bri\u010d, ki so poskrbeli za izbran kulinari\u010dni zaklju\u010dek sre\u010danja.&nbsp;<\/p>\n\n\n\n<figure class=\"wp-block-image size-large\"><img loading=\"lazy\" decoding=\"async\" width=\"1024\" height=\"768\" src=\"https:\/\/www.slovenia-convention.com\/wp-content\/uploads\/Novinarska-konferenca-Love-Istria_22.3-2023-12-1024x768.jpg\" alt=\"\" class=\"wp-image-19395\" srcset=\"https:\/\/www.slovenia-convention.com\/wp-content\/uploads\/Novinarska-konferenca-Love-Istria_22.3-2023-12-1024x768.jpg 1024w, https:\/\/www.slovenia-convention.com\/wp-content\/uploads\/Novinarska-konferenca-Love-Istria_22.3-2023-12-768x576.jpg 768w, https:\/\/www.slovenia-convention.com\/wp-content\/uploads\/Novinarska-konferenca-Love-Istria_22.3-2023-12-1536x1152.jpg 1536w, https:\/\/www.slovenia-convention.com\/wp-content\/uploads\/Novinarska-konferenca-Love-Istria_22.3-2023-12-2048x1536.jpg 2048w, https:\/\/www.slovenia-convention.com\/wp-content\/uploads\/Novinarska-konferenca-Love-Istria_22.3-2023-12-150x113.jpg 150w, https:\/\/www.slovenia-convention.com\/wp-content\/uploads\/Novinarska-konferenca-Love-Istria_22.3-2023-12-300x225.jpg 300w, https:\/\/www.slovenia-convention.com\/wp-content\/uploads\/Novinarska-konferenca-Love-Istria_22.3-2023-12-696x522.jpg 696w, https:\/\/www.slovenia-convention.com\/wp-content\/uploads\/Novinarska-konferenca-Love-Istria_22.3-2023-12-1068x801.jpg 1068w, https:\/\/www.slovenia-convention.com\/wp-content\/uploads\/Novinarska-konferenca-Love-Istria_22.3-2023-12-1920x1440.jpg 1920w, https:\/\/www.slovenia-convention.com\/wp-content\/uploads\/Novinarska-konferenca-Love-Istria_22.3-2023-12-560x420.jpg 560w, https:\/\/www.slovenia-convention.com\/wp-content\/uploads\/Novinarska-konferenca-Love-Istria_22.3-2023-12-80x60.jpg 80w, https:\/\/www.slovenia-convention.com\/wp-content\/uploads\/Novinarska-konferenca-Love-Istria_22.3-2023-12-265x198.jpg 265w, https:\/\/www.slovenia-convention.com\/wp-content\/uploads\/Novinarska-konferenca-Love-Istria_22.3-2023-12-1320x990.jpg 1320w\" sizes=\"auto, (max-width: 1024px) 100vw, 1024px\" \/><\/figure>\n\n\n\n<p>Predstavitev je \u017ee obrodila sadove, saj je ve\u010d predstavnikov medijev izrazilo interes za sodelovanje in \u017ee napovedalo obisk destinacije.<\/p>\n\n\n\n<p><em>TZ Portoro\u017e<\/em><\/p>\n","protected":false},"excerpt":{"rendered":"<p>Love Istria, blagovna znamka, pod katero se promovirajo \u0161tiri istrske destinacije, se je 22. marca 2023, predstavila v sredi\u0161\u010du Milana. Predstavniki turisti\u010dnih organizacij so novinarje povabili k odkrivanju bogate naravne in kulturne dedi\u0161\u010dine slovenske Istre, edinstvene wellness ponudbe, kulinarike, aktivnosti na prostem in edinstvenih do\u017eivetij.\u00a0 Glavni namen dogodka v elitni restavraciji Identit\u00e0 Golose, kjer se [&hellip;]<\/p>\n","protected":false},"author":2,"featured_media":19399,"comment_status":"closed","ping_status":"open","sticky":false,"template":"","format":"standard","meta":{"_acf_changed":false,"footnotes":""},"categories":[32],"tags":[],"class_list":{"0":"post-19392","1":"post","2":"type-post","3":"status-publish","4":"format-standard","5":"has-post-thumbnail","7":"category-novice-clanov"},"acf":[],"_links":{"self":[{"href":"https:\/\/www.slovenia-convention.com\/sl\/wp-json\/wp\/v2\/posts\/19392","targetHints":{"allow":["GET"]}}],"collection":[{"href":"https:\/\/www.slovenia-convention.com\/sl\/wp-json\/wp\/v2\/posts"}],"about":[{"href":"https:\/\/www.slovenia-convention.com\/sl\/wp-json\/wp\/v2\/types\/post"}],"author":[{"embeddable":true,"href":"https:\/\/www.slovenia-convention.com\/sl\/wp-json\/wp\/v2\/users\/2"}],"replies":[{"embeddable":true,"href":"https:\/\/www.slovenia-convention.com\/sl\/wp-json\/wp\/v2\/comments?post=19392"}],"version-history":[{"count":3,"href":"https:\/\/www.slovenia-convention.com\/sl\/wp-json\/wp\/v2\/posts\/19392\/revisions"}],"predecessor-version":[{"id":19405,"href":"https:\/\/www.slovenia-convention.com\/sl\/wp-json\/wp\/v2\/posts\/19392\/revisions\/19405"}],"wp:featuredmedia":[{"embeddable":true,"href":"https:\/\/www.slovenia-convention.com\/sl\/wp-json\/wp\/v2\/media\/19399"}],"wp:attachment":[{"href":"https:\/\/www.slovenia-convention.com\/sl\/wp-json\/wp\/v2\/media?parent=19392"}],"wp:term":[{"taxonomy":"category","embeddable":true,"href":"https:\/\/www.slovenia-convention.com\/sl\/wp-json\/wp\/v2\/categories?post=19392"},{"taxonomy":"post_tag","embeddable":true,"href":"https:\/\/www.slovenia-convention.com\/sl\/wp-json\/wp\/v2\/tags?post=19392"}],"curies":[{"name":"wp","href":"https:\/\/api.w.org\/{rel}","templated":true}]}}