{"id":19595,"date":"2023-04-13T12:59:31","date_gmt":"2023-04-13T11:59:31","guid":{"rendered":"https:\/\/www.slovenia-convention.com\/?p=19595"},"modified":"2023-04-13T13:29:47","modified_gmt":"2023-04-13T12:29:47","slug":"cankarjev-dom-ima-novo-dvorano","status":"publish","type":"post","link":"https:\/\/www.slovenia-convention.com\/sl\/cankarjev-dom-ima-novo-dvorano\/","title":{"rendered":"Cankarjev dom ima novo dvorano"},"content":{"rendered":"\n<p><strong>Cankarjev dom je bogatej\u0161i za novo dvorano, poimenovano po svetovni popotnici in pisateljici Almi Karlin.&nbsp;<\/strong><\/p>\n\n\n\n<p><strong>Dvorana Alme Karlin<\/strong>&nbsp;je enoten in odprt prostor <strong>v petem nadstropju Cankarjevega doma<\/strong>, ki se razteza na pribli\u017eno <strong>\u0161tiristo kvadratnih metrih<\/strong> in s horizontalnim pasom oken omogo\u010da <strong>panoramski razgled na zahodni del Ljubljane<\/strong>. V arhitekturnem razmisleku <strong>sledi izvornim idejam arhitekta Edvarda Ravnikarja<\/strong>, ki izhajajo iz anti\u010dne preteklosti mesta Ljubljana in se z modernisti\u010dnimi te\u017enjami o demokrati\u010dnem javnem prostoru vra\u010dajo v tradicijo antike. Ob vstopu v prostor se izri\u0161e <strong>moderna reinterpretacija agore<\/strong>, javnega prostora, ki <strong>s paraskenijem (paraskenion) odkrivajo nove poglede in hkrati zakrivajo tehni\u010dno-servisne predele prostora<\/strong>.<\/p>\n\n\n\n<p>Prostor je <strong>vsebinsko (lahko) lo\u010den na gledali\u0161ki del<\/strong> in <strong>knji\u017eni klu<\/strong>b. Knji\u017eni del je <strong>namenjen sre\u010devanju, izmenjavi mnenj pa tudi razli\u010dnim predavanjem, okroglim mizam, recitalom<\/strong>. <strong>Okrogel oder na gledali\u0161kem delu prostora<\/strong> pa ponuja nastopajo\u010dim in obiskovalcem pristno izku\u0161njo anti\u010dnega gledali\u0161\u010da. Vrtljiv paravan, ki zaokro\u017ea oder, omogo\u010da manj\u0161i uprizoritveni prostor ali odprtost proti vsej dol\u017eini prostora. Oblika sledi izvorni ideji profesorja Ravnikarja, ki je nad \u010detrtim nadstropjem stavbe Cankarjevega doma zasnoval kro\u017eno apsido.<\/p>\n\n\n\n<figure class=\"wp-block-image size-large\"><img loading=\"lazy\" decoding=\"async\" width=\"1024\" height=\"683\" src=\"https:\/\/www.slovenia-convention.com\/wp-content\/uploads\/068_CD_Alma_Karlin_foto_J_Marolt-HDR-Copy-1-1024x683.jpg\" alt=\"\" class=\"wp-image-19599\" srcset=\"https:\/\/www.slovenia-convention.com\/wp-content\/uploads\/068_CD_Alma_Karlin_foto_J_Marolt-HDR-Copy-1-1024x683.jpg 1024w, https:\/\/www.slovenia-convention.com\/wp-content\/uploads\/068_CD_Alma_Karlin_foto_J_Marolt-HDR-Copy-1-768x512.jpg 768w, https:\/\/www.slovenia-convention.com\/wp-content\/uploads\/068_CD_Alma_Karlin_foto_J_Marolt-HDR-Copy-1-1536x1024.jpg 1536w, https:\/\/www.slovenia-convention.com\/wp-content\/uploads\/068_CD_Alma_Karlin_foto_J_Marolt-HDR-Copy-1-2048x1365.jpg 2048w, https:\/\/www.slovenia-convention.com\/wp-content\/uploads\/068_CD_Alma_Karlin_foto_J_Marolt-HDR-Copy-1-150x100.jpg 150w, https:\/\/www.slovenia-convention.com\/wp-content\/uploads\/068_CD_Alma_Karlin_foto_J_Marolt-HDR-Copy-1-300x200.jpg 300w, https:\/\/www.slovenia-convention.com\/wp-content\/uploads\/068_CD_Alma_Karlin_foto_J_Marolt-HDR-Copy-1-696x464.jpg 696w, https:\/\/www.slovenia-convention.com\/wp-content\/uploads\/068_CD_Alma_Karlin_foto_J_Marolt-HDR-Copy-1-1068x712.jpg 1068w, https:\/\/www.slovenia-convention.com\/wp-content\/uploads\/068_CD_Alma_Karlin_foto_J_Marolt-HDR-Copy-1-1920x1280.jpg 1920w, https:\/\/www.slovenia-convention.com\/wp-content\/uploads\/068_CD_Alma_Karlin_foto_J_Marolt-HDR-Copy-1-630x420.jpg 630w, https:\/\/www.slovenia-convention.com\/wp-content\/uploads\/068_CD_Alma_Karlin_foto_J_Marolt-HDR-Copy-1-1320x880.jpg 1320w\" sizes=\"auto, (max-width: 1024px) 100vw, 1024px\" \/><figcaption class=\"wp-element-caption\">Dvorana Alme Karlin, Cankarjev dom, Ljubljana, foto: J. Marolt<\/figcaption><\/figure>\n\n\n\n<p><strong>Dovr\u0161ena oprema in trajnostna komponenta<\/strong><\/p>\n\n\n\n<p>Oprema v prostoru je premi\u0161ljena, funkcionalna in minimalisti\u010dna. Udobni, <strong>oblazinjeni in premi\u010dni kubusi<\/strong> so lahko sedala, klopi ali le\u017ealniki. Omogo\u010dajo <strong>razli\u010dne vrste skupinskih ali individualnih postavitev<\/strong>. V prostoru sta name\u0161\u010deni <strong>dve samozatezni platni<\/strong>, ki omogo\u010data vrhunske vizualne video izvedbe, <strong>manj\u0161a terasa<\/strong>, ki obdaja ju\u017eni del dvorane, pa odpira mo\u017enosti za <strong>prijetna dru\u017eenja in sre\u010danja po dogodkih<\/strong>.&nbsp;<\/p>\n\n\n\n<p>Izbira materialov in elementov dvorane <strong>sledi na\u010delom trajnosti in varovanja okolja<\/strong>: stenske in stropne obloge iz lesenih vlaken, talna obloga vsebuje \u0161estdeset odstotkov reciklirane surovine, vsa svetila so v LED-tehnologiji, zvo\u010dna in multimedijska tehni\u010dna oprema je najvi\u0161jega energijskega razreda, stoli (oblikovanje&nbsp;Primo\u017e Jeza Studio za Donar)&nbsp;pa so izdelani izklju\u010dno iz recikliranih materialov, ki so planet obvarovali pred 4200 odpadnimi pollitrskimi plastenkami in 126 kilogrami ogljikovega dioksida.<\/p>\n\n\n\n<hr class=\"wp-block-separator has-alpha-channel-opacity\"\/>\n\n\n\n<p><strong>Alma M. Karlin<\/strong>&nbsp;(1889\u20131950, Celje), svetovna popotnica, pisateljica, ljubiteljska raziskovalka, poliglotka, ki je govorila devet jezikov, in teozofinja je v letih 1919\u201327 prepotovala svet. Potovala je sama in se po poti pre\u017eivljala z lastnim delom ter tako zavrgla predsodke in omejitve, ki so jih \u017eenskam pripisovali na za\u010detku dvajsetega stoletja. Narava njenega potovanja jo ume\u0161\u010da med najve\u010dje popotnike vseh \u010dasov.&nbsp;Bila je samosvoja, uka\u017eeljna, neuklonljiva.&nbsp;Slavo in uspeh, o katerih je sanjarila kot mlado dekle, ji je prinesla potopisna trilogija, ki je iz\u0161la v Nem\u010diji v letih 1929\u201333.<strong>&nbsp;<\/strong>Po nem\u0161ki okupaciji Celja spomladi 1941 so jo odpeljali v zapor in predvidena je bila za deportacijo v Dachau. Tej zli usodi se je izognila, a je ni \u010dakala dosti bolj\u0161a. Leta 1950 je po hudi bolezni umrla v veliki rev\u0161\u010dini.&nbsp;<\/p>\n\n\n\n<pre class=\"wp-block-verse\"><em>\u00bbVsak \u010dlovek, ki nam prekri\u017ea pot, je na\u0161 u\u010ditelj, ki nevede ali vede oblikuje na\u0161 zna\u010daj, tako da lahko svojo du\u0161o primerjamo s potnim listom, v katerem je vsak, ki je kakorkoli posegel v na\u0161o usodo, zapustil svoj vizum ali \u017eig. Naj bo mo\u010dan ali slaboten, nobeden se popolnoma ne zabri\u0161e.\u00ab<\/em>    Alma M. Karlin\n<\/pre>\n\n\n\n<hr class=\"wp-block-separator has-alpha-channel-opacity\"\/>\n","protected":false},"excerpt":{"rendered":"<p>Cankarjev dom je bogatej\u0161i za novo dvorano, poimenovano po svetovni popotnici in pisateljici Almi Karlin.&nbsp; Dvorana Alme Karlin&nbsp;je enoten in odprt prostor v petem nadstropju Cankarjevega doma, ki se razteza na pribli\u017eno \u0161tiristo kvadratnih metrih in s horizontalnim pasom oken omogo\u010da panoramski razgled na zahodni del Ljubljane. V arhitekturnem razmisleku sledi izvornim idejam arhitekta Edvarda [&hellip;]<\/p>\n","protected":false},"author":2,"featured_media":19606,"comment_status":"closed","ping_status":"open","sticky":false,"template":"","format":"standard","meta":{"_acf_changed":false,"footnotes":""},"categories":[32],"tags":[],"class_list":{"0":"post-19595","1":"post","2":"type-post","3":"status-publish","4":"format-standard","5":"has-post-thumbnail","7":"category-novice-clanov"},"acf":[],"_links":{"self":[{"href":"https:\/\/www.slovenia-convention.com\/sl\/wp-json\/wp\/v2\/posts\/19595","targetHints":{"allow":["GET"]}}],"collection":[{"href":"https:\/\/www.slovenia-convention.com\/sl\/wp-json\/wp\/v2\/posts"}],"about":[{"href":"https:\/\/www.slovenia-convention.com\/sl\/wp-json\/wp\/v2\/types\/post"}],"author":[{"embeddable":true,"href":"https:\/\/www.slovenia-convention.com\/sl\/wp-json\/wp\/v2\/users\/2"}],"replies":[{"embeddable":true,"href":"https:\/\/www.slovenia-convention.com\/sl\/wp-json\/wp\/v2\/comments?post=19595"}],"version-history":[{"count":4,"href":"https:\/\/www.slovenia-convention.com\/sl\/wp-json\/wp\/v2\/posts\/19595\/revisions"}],"predecessor-version":[{"id":19610,"href":"https:\/\/www.slovenia-convention.com\/sl\/wp-json\/wp\/v2\/posts\/19595\/revisions\/19610"}],"wp:featuredmedia":[{"embeddable":true,"href":"https:\/\/www.slovenia-convention.com\/sl\/wp-json\/wp\/v2\/media\/19606"}],"wp:attachment":[{"href":"https:\/\/www.slovenia-convention.com\/sl\/wp-json\/wp\/v2\/media?parent=19595"}],"wp:term":[{"taxonomy":"category","embeddable":true,"href":"https:\/\/www.slovenia-convention.com\/sl\/wp-json\/wp\/v2\/categories?post=19595"},{"taxonomy":"post_tag","embeddable":true,"href":"https:\/\/www.slovenia-convention.com\/sl\/wp-json\/wp\/v2\/tags?post=19595"}],"curies":[{"name":"wp","href":"https:\/\/api.w.org\/{rel}","templated":true}]}}