{"id":20207,"date":"2023-09-07T11:05:04","date_gmt":"2023-09-07T10:05:04","guid":{"rendered":"https:\/\/www.slovenia-convention.com\/?p=20207"},"modified":"2023-09-07T11:05:06","modified_gmt":"2023-09-07T10:05:06","slug":"uspesno-zakljuceno-2-izobrazevanje-future-talks-lab","status":"publish","type":"post","link":"https:\/\/www.slovenia-convention.com\/sl\/uspesno-zakljuceno-2-izobrazevanje-future-talks-lab\/","title":{"rendered":"Uspe\u0161no zaklju\u010deno 2. Izobra\u017eevanje: &#8216;FUTURE Talks &amp; Lab"},"content":{"rendered":"\n<p>V torek, 5. septembra 2023, se je v Hotelu InterContinental Ljubljana odvilo drugo izobra\u017eevanje v seriji brezpla\u010dnih dogodkov, naslovljenih <strong>&#8216;FUTURE Talks &amp; Lab<\/strong>&#8216;, ki smo ga za na\u0161e \u010dlane organizirali ob podpori Slovenske turisti\u010dne organizacije. Dogodek je vodil in povezoval <strong>Ivo J. Franschitz iz podjetja Enited<\/strong>.<\/p>\n\n\n\n<p>Namen izobra\u017eevanja je bil raziskati potencial, kako postati vodilna destinacija, obenem a so imeli udele\u017eenci odli\u010dno prilo\u017enost za mre\u017eenje in povezovanje z ostalimi dele\u017eniki slovenske industrije sre\u010danj.<\/p>\n\n\n\n<p><strong>Interaktivna delavnica<\/strong> je bila zasnovana na na\u010din, ki aktivno vklju\u010duje sodelujo\u010de, vzpodbuja nove ideje in motivira k razmi\u0161ljanju izven ustaljenih okvirjev. \u00a0Udele\u017eenci so ob uporabi kreativnih izzivov in diskusij odkrivali trende, potrebe in izzive, s katerimi se soo\u010dajo destinacije s ciljem postati vodilna destinacija.<\/p>\n\n\n\n<figure class=\"wp-block-image size-large\"><img loading=\"lazy\" decoding=\"async\" width=\"1024\" height=\"577\" src=\"https:\/\/www.slovenia-convention.com\/wp-content\/uploads\/20230905_121421-1024x577.jpg\" alt=\"\" class=\"wp-image-20210\" srcset=\"https:\/\/www.slovenia-convention.com\/wp-content\/uploads\/20230905_121421-1024x577.jpg 1024w, https:\/\/www.slovenia-convention.com\/wp-content\/uploads\/20230905_121421-768x432.jpg 768w, https:\/\/www.slovenia-convention.com\/wp-content\/uploads\/20230905_121421-1536x865.jpg 1536w, https:\/\/www.slovenia-convention.com\/wp-content\/uploads\/20230905_121421-2048x1153.jpg 2048w, https:\/\/www.slovenia-convention.com\/wp-content\/uploads\/20230905_121421-150x84.jpg 150w, https:\/\/www.slovenia-convention.com\/wp-content\/uploads\/20230905_121421-300x169.jpg 300w, https:\/\/www.slovenia-convention.com\/wp-content\/uploads\/20230905_121421-696x392.jpg 696w, https:\/\/www.slovenia-convention.com\/wp-content\/uploads\/20230905_121421-1068x601.jpg 1068w, https:\/\/www.slovenia-convention.com\/wp-content\/uploads\/20230905_121421-1920x1081.jpg 1920w, https:\/\/www.slovenia-convention.com\/wp-content\/uploads\/20230905_121421-746x420.jpg 746w, https:\/\/www.slovenia-convention.com\/wp-content\/uploads\/20230905_121421-1320x743.jpg 1320w\" sizes=\"auto, (max-width: 1024px) 100vw, 1024px\" \/><\/figure>\n\n\n\n<p>Preko sodelovanja&nbsp; so prepoznali klju\u010dne ovire in \u0161ibkosti, hkrati pa identificirali prednosti in prilo\u017enosti. Skupaj so oblikovali inovativne ideje o tem, kako izbolj\u0161ati konkuren\u010dnost slovenske industrije sre\u010danj na svetovnem trgu.<\/p>\n\n\n\n<p>Izobra\u017eevanje je potekalo v spro\u0161\u010denem vzdu\u0161ju in je ponudilo odli\u010dno prilo\u017enost za povezovanje, izmenjavo idej ter graditev mo\u010dnih vezi med udele\u017eenci.<\/p>\n\n\n\n<p>Ekipa Kongresnega urada Slovenije se zahvaljuje vsem udele\u017eencem izobra\u017eevanja. <\/p>\n\n\n\n<p>Vse zainteresirane obve\u0161\u010damo, da bo v za\u010detku decembra organizirano \u0161e zadnje izobra\u017eevanje v seriji <strong>FUTURE Talks &amp; Lab<\/strong>. Ve\u010d podrobnosti sledi kmalu.<\/p>\n","protected":false},"excerpt":{"rendered":"<p>V torek, 5. septembra 2023, se je v Hotelu InterContinental Ljubljana odvilo drugo izobra\u017eevanje v seriji brezpla\u010dnih dogodkov, naslovljenih &#8216;FUTURE Talks &amp; Lab&#8216;, ki smo ga za na\u0161e \u010dlane organizirali ob podpori Slovenske turisti\u010dne organizacije. Dogodek je vodil in povezoval Ivo J. Franschitz iz podjetja Enited. Namen izobra\u017eevanja je bil raziskati potencial, kako postati vodilna [&hellip;]<\/p>\n","protected":false},"author":2,"featured_media":20214,"comment_status":"closed","ping_status":"open","sticky":false,"template":"","format":"standard","meta":{"_acf_changed":false,"footnotes":""},"categories":[27],"tags":[],"class_list":{"0":"post-20207","1":"post","2":"type-post","3":"status-publish","4":"format-standard","5":"has-post-thumbnail","7":"category-novice-urada"},"acf":[],"_links":{"self":[{"href":"https:\/\/www.slovenia-convention.com\/sl\/wp-json\/wp\/v2\/posts\/20207","targetHints":{"allow":["GET"]}}],"collection":[{"href":"https:\/\/www.slovenia-convention.com\/sl\/wp-json\/wp\/v2\/posts"}],"about":[{"href":"https:\/\/www.slovenia-convention.com\/sl\/wp-json\/wp\/v2\/types\/post"}],"author":[{"embeddable":true,"href":"https:\/\/www.slovenia-convention.com\/sl\/wp-json\/wp\/v2\/users\/2"}],"replies":[{"embeddable":true,"href":"https:\/\/www.slovenia-convention.com\/sl\/wp-json\/wp\/v2\/comments?post=20207"}],"version-history":[{"count":2,"href":"https:\/\/www.slovenia-convention.com\/sl\/wp-json\/wp\/v2\/posts\/20207\/revisions"}],"predecessor-version":[{"id":20217,"href":"https:\/\/www.slovenia-convention.com\/sl\/wp-json\/wp\/v2\/posts\/20207\/revisions\/20217"}],"wp:featuredmedia":[{"embeddable":true,"href":"https:\/\/www.slovenia-convention.com\/sl\/wp-json\/wp\/v2\/media\/20214"}],"wp:attachment":[{"href":"https:\/\/www.slovenia-convention.com\/sl\/wp-json\/wp\/v2\/media?parent=20207"}],"wp:term":[{"taxonomy":"category","embeddable":true,"href":"https:\/\/www.slovenia-convention.com\/sl\/wp-json\/wp\/v2\/categories?post=20207"},{"taxonomy":"post_tag","embeddable":true,"href":"https:\/\/www.slovenia-convention.com\/sl\/wp-json\/wp\/v2\/tags?post=20207"}],"curies":[{"name":"wp","href":"https:\/\/api.w.org\/{rel}","templated":true}]}}