{"id":20229,"date":"2023-09-14T08:38:03","date_gmt":"2023-09-14T07:38:03","guid":{"rendered":"https:\/\/www.slovenia-convention.com\/?p=20229"},"modified":"2023-09-14T08:38:05","modified_gmt":"2023-09-14T07:38:05","slug":"na-poslovnem-forumu-v-luksemburgu-v-ospredju-turizem-vesoljski-sektor-in-lesarstvo","status":"publish","type":"post","link":"https:\/\/www.slovenia-convention.com\/sl\/na-poslovnem-forumu-v-luksemburgu-v-ospredju-turizem-vesoljski-sektor-in-lesarstvo\/","title":{"rendered":"Na poslovnem forumu v Luksemburgu v ospredju turizem, vesoljski sektor in lesarstvo"},"content":{"rendered":"\n<p><strong>Ob obisku predsednika Vlade RS dr. Roberta Goloba v Luksemburgu je tam potekal poslovni forum s poudarkom na turizmu, vesoljskem sektorju in lesarstvu. Poslovni forum je potekal v organizaciji javne agencije SPIRIT Slovenija, Slovenske turisti\u010dne organizacije in Ministrstva za gospodarstvo, turizem in \u0161port ter v sodelovanju s slovenskim Veleposlani\u0161tvom v Bruslju.<\/strong><\/p>\n\n\n\n<p>Predsednik Vlade Republike Slovenije&nbsp;<strong>dr. Robert Golob<\/strong>&nbsp;je v nagovoru na poslovnem forumu poudaril, da Slovenija in Luksemburg delita podobne vrednote, kar laj\u0161a medsebojno sodelovanje.&nbsp;<em>\u00bbZa\u010dne se z majhnimi koraki, ki pa z leti postanejo veliki &#8211; tako kot pri vzpostavitvi schengenskega obmo\u010dja, brez katerega si danes ne predstavljamo EU,\u00ab<\/em>&nbsp;je dejal predsednik vlade dr. Golob in dodal, da mora biti vsaka majhna dr\u017eava za doseganje uspehov odprta tako na politi\u010dnem kot gospodarskem podro\u010dju. Od zadnjega obiska premiera Bettela v Sloveniji februarja letos je dr\u017eavama uspelo vzpostaviti novo letalsko povezavo med prestolnicama ter organizirati poslovni forum s podro\u010dja lesne industrije, turizma in vesoljske dejavnosti. Za slednje sta voditelja podpisala tudi memorandum o sodelovanju.<\/p>\n\n\n\n<figure class=\"wp-block-image size-large\"><img loading=\"lazy\" decoding=\"async\" width=\"1024\" height=\"577\" src=\"https:\/\/www.slovenia-convention.com\/wp-content\/uploads\/Luksemburg-1024x577.jpeg\" alt=\"\" class=\"wp-image-20232\" srcset=\"https:\/\/www.slovenia-convention.com\/wp-content\/uploads\/Luksemburg-1024x577.jpeg 1024w, https:\/\/www.slovenia-convention.com\/wp-content\/uploads\/Luksemburg-768x433.jpeg 768w, https:\/\/www.slovenia-convention.com\/wp-content\/uploads\/Luksemburg-150x85.jpeg 150w, https:\/\/www.slovenia-convention.com\/wp-content\/uploads\/Luksemburg-300x169.jpeg 300w, https:\/\/www.slovenia-convention.com\/wp-content\/uploads\/Luksemburg-696x392.jpeg 696w, https:\/\/www.slovenia-convention.com\/wp-content\/uploads\/Luksemburg-1068x602.jpeg 1068w, https:\/\/www.slovenia-convention.com\/wp-content\/uploads\/Luksemburg-746x420.jpeg 746w, https:\/\/www.slovenia-convention.com\/wp-content\/uploads\/Luksemburg.jpeg 1200w\" sizes=\"auto, (max-width: 1024px) 100vw, 1024px\" \/><\/figure>\n\n\n\n<p><strong>Z leti iz Ljubljane do Luksemburga la\u017eje tudi do nem\u0161kih in francoskih turistov<\/strong><\/p>\n\n\n\n<p>V Luksemburgu so bili prisotni tudi predstavniki\u00a0<strong>slovenskega turizma<\/strong>. Slovenske turisti\u010dne destinacije in zdru\u017eenja so navezovali stike in predstavljali Slovenijo na konkretnih poslovnih sestankih z luksembur\u0161kimi organizatorji potovanj in turisti\u010dnimi agencijami. Od \u010detrtka naprej bosta namre\u010d Luksemburg in Slovenija povezana z neposredno letalsko linijo. Letala prevoznika Luxair bodo v obe smeri letela ob \u010detrtkih in nedeljah. <\/p>\n\n\n\n<p>Slovenija je \u017ee danes privla\u010dna destinacija za turiste iz Luksemburga in \u0161ir\u0161e regije. V prvih sedmih mesecih leto\u0161njega leta je \u0161tevilo preno\u010ditev turistov iz Luksemburga v Sloveniji glede na primerljivo obdobje lani poraslo za ve\u010d kot petino, \u0161tevilo preno\u010ditev turistov iz Beneluksa pa se je pove\u010dalo za 14 odstotkov. Zaradi geografske lege Luksemburga bo lahko slovenski turizem ob zagonu nove letalske povezave \u0161e uspe\u0161neje nagovarjal tudi dele nem\u0161kega in francoskega trga.<\/p>\n\n\n\n<p>Direktorica STO mag.&nbsp;<strong>Maja Pak<\/strong>, ki je na poslovnem forumu predstavila Slovenijo kot zeleno, aktivno in zdravo turisti\u010dno destinacijo, je ob robu foruma poudarila tudi naslednje:&nbsp;<em>\u00bbLetalska povezava med Luksemburgom in Ljubljano odpira nove vznemirljive turisti\u010dne prilo\u017enosti. Lani smo v Sloveniji pozdravili rekordno \u0161tevilo luksembur\u0161kih turistov in letos se rast nadaljuje. Presti\u017eni Luksemburg in njemu bli\u017enji trgi, kot so Nem\u010dija, Belgija in Francija, so primarni trgi slovenskega turizma, ki jih na STO nagovarjamo s \u0161tevilnimi aktivnostmi. Na teh trgih smo prisotni z mo\u010dno globalno digitalno kampanjo, izvajamo \u0161tudijska potovanja za ugledne novinarje ter predstavnike organizatorjev potovanj in turisti\u010dnih agencij, slovenski turizem predstavljamo na izbranih sejmih in borzah. Prepri\u010dana sem, da bo nova letalska povezava slovenskemu turizmu dala \u0161e dodaten zagon.\u00ab<\/em><\/p>\n\n\n\n<p><strong>Ve\u010d informacij:<\/strong> <a href=\"https:\/\/www.slovenia.info\/sl\/novinarsko-sredisce\/sporocila-za-javnost\/25151-na-poslovnem-forumu-v-luksemburgu-v-ospredju-turizem-vesoljski-sektor-in-lesarstvo\" data-type=\"link\" data-id=\"https:\/\/www.slovenia.info\/sl\/novinarsko-sredisce\/sporocila-za-javnost\/25151-na-poslovnem-forumu-v-luksemburgu-v-ospredju-turizem-vesoljski-sektor-in-lesarstvo\">https:\/\/www.slovenia.info\/sl\/novinarsko-sredisce\/sporocila-za-javnost\/25151-na-poslovnem-forumu-v-luksemburgu-v-ospredju-turizem-vesoljski-sektor-in-lesarstvo<\/a><\/p>\n","protected":false},"excerpt":{"rendered":"<p>Ob obisku predsednika Vlade RS dr. Roberta Goloba v Luksemburgu je tam potekal poslovni forum s poudarkom na turizmu, vesoljskem sektorju in lesarstvu. Poslovni forum je potekal v organizaciji javne agencije SPIRIT Slovenija, Slovenske turisti\u010dne organizacije in Ministrstva za gospodarstvo, turizem in \u0161port ter v sodelovanju s slovenskim Veleposlani\u0161tvom v Bruslju. Predsednik Vlade Republike Slovenije&nbsp;dr. [&hellip;]<\/p>\n","protected":false},"author":2,"featured_media":20231,"comment_status":"closed","ping_status":"open","sticky":false,"template":"","format":"standard","meta":{"_acf_changed":false,"footnotes":""},"categories":[32,1],"tags":[],"class_list":{"0":"post-20229","1":"post","2":"type-post","3":"status-publish","4":"format-standard","5":"has-post-thumbnail","7":"category-novice-clanov","8":"category-scb"},"acf":[],"_links":{"self":[{"href":"https:\/\/www.slovenia-convention.com\/sl\/wp-json\/wp\/v2\/posts\/20229","targetHints":{"allow":["GET"]}}],"collection":[{"href":"https:\/\/www.slovenia-convention.com\/sl\/wp-json\/wp\/v2\/posts"}],"about":[{"href":"https:\/\/www.slovenia-convention.com\/sl\/wp-json\/wp\/v2\/types\/post"}],"author":[{"embeddable":true,"href":"https:\/\/www.slovenia-convention.com\/sl\/wp-json\/wp\/v2\/users\/2"}],"replies":[{"embeddable":true,"href":"https:\/\/www.slovenia-convention.com\/sl\/wp-json\/wp\/v2\/comments?post=20229"}],"version-history":[{"count":2,"href":"https:\/\/www.slovenia-convention.com\/sl\/wp-json\/wp\/v2\/posts\/20229\/revisions"}],"predecessor-version":[{"id":20235,"href":"https:\/\/www.slovenia-convention.com\/sl\/wp-json\/wp\/v2\/posts\/20229\/revisions\/20235"}],"wp:featuredmedia":[{"embeddable":true,"href":"https:\/\/www.slovenia-convention.com\/sl\/wp-json\/wp\/v2\/media\/20231"}],"wp:attachment":[{"href":"https:\/\/www.slovenia-convention.com\/sl\/wp-json\/wp\/v2\/media?parent=20229"}],"wp:term":[{"taxonomy":"category","embeddable":true,"href":"https:\/\/www.slovenia-convention.com\/sl\/wp-json\/wp\/v2\/categories?post=20229"},{"taxonomy":"post_tag","embeddable":true,"href":"https:\/\/www.slovenia-convention.com\/sl\/wp-json\/wp\/v2\/tags?post=20229"}],"curies":[{"name":"wp","href":"https:\/\/api.w.org\/{rel}","templated":true}]}}