{"id":2653,"date":"2015-05-12T11:03:09","date_gmt":"2015-05-12T11:03:09","guid":{"rendered":"http:\/\/www.slovenia-convention.com\/?p=2653"},"modified":"2015-05-13T07:35:06","modified_gmt":"2015-05-13T07:35:06","slug":"krepitev-prepoznavnosti-slovenije-na-kljucnih-emitivnih-trgih","status":"publish","type":"post","link":"https:\/\/www.slovenia-convention.com\/sl\/krepitev-prepoznavnosti-slovenije-na-kljucnih-emitivnih-trgih\/","title":{"rendered":"Krepitev prepoznavnosti Slovenije na klju\u010dnih emitivnih trgih"},"content":{"rendered":"<p>Slovenski turizem se pred glavno turisti\u010dno sezono na klju\u010dnih emitivnih trgih predstavlja z vrsto ogla\u0161evalskih akcij. Aktivnosti v vrednosti 3,6 milijona evrov bodo izvedene s sredstvi Evropskega sklada za regionalni razvoj pod skupnim pozicijskim sloganom \u00bbSlovenija. Zelena. Aktivna. Zdrava.\u00ab in v skladu z nacionalno in turisti\u010dno znamko I FEEL SLOVENIA.<\/p>\n<p>V Nem\u010diji se je \u017ee za\u010dela obse\u017enej\u0161a televizijska ogla\u0161evalska kampanja Slovenije, in sicer na televizijskem programu ARD. Pretekli teden se je pri\u010dela ogla\u0161evalska kampanja na avstrijski nacionalni televiziji ORF. Ta teden pa se bomo \u0161iroki ciljni javnosti predstavili tudi na globalni televiziji BBC.<\/p>\n<p>Prvi\u010d bo s ciljem pove\u010danja prepoznavnosti Slovenije kot turisti\u010dne destinacije izvedena tudi celostno inovativna digitalna kampanja v vrednosti 1,4 milijona evrov. Aktivnosti ogla\u0161evanja bodo izvedene na klju\u010dnih trgih, od koder v Slovenijo prihaja najve\u010dji dele\u017e tujih turistov, evropska sredstva pa pomenijo bistveno finan\u010dno okrepitev prora\u010duna za promocijo turizma Slovenije v leto\u0161njem letu.<\/p>\n<p style=\"text-align: left;\">Ve\u010d informacij najdete na slede\u010di povezavi: <a href=\"http:\/\/digital.edition-on.net\/nto\/eSlovenia\">http:\/\/digital.edition-on.net\/nto\/eSlovenia<\/a><\/p>\n","protected":false},"excerpt":{"rendered":"<p>Slovenski turizem se pred glavno turisti\u010dno sezono na klju\u010dnih emitivnih trgih predstavlja z vrsto ogla\u0161evalskih akcij. Aktivnosti v vrednosti 3,6 milijona evrov bodo izvedene s sredstvi Evropskega sklada za regionalni razvoj pod skupnim pozicijskim sloganom \u00bbSlovenija. Zelena. Aktivna. Zdrava.\u00ab in v skladu z nacionalno in turisti\u010dno znamko I FEEL SLOVENIA. V Nem\u010diji se je \u017ee [&hellip;]<\/p>\n","protected":false},"author":3,"featured_media":2656,"comment_status":"closed","ping_status":"open","sticky":false,"template":"","format":"standard","meta":{"_acf_changed":false,"footnotes":""},"categories":[27],"tags":[153,151,152,150,135],"class_list":{"0":"post-2653","1":"post","2":"type-post","3":"status-publish","4":"format-standard","5":"has-post-thumbnail","7":"category-novice-urada","8":"tag-ard","9":"tag-bbc","10":"tag-orf","11":"tag-promocija-slovenije","12":"tag-slovenija"},"acf":[],"_links":{"self":[{"href":"https:\/\/www.slovenia-convention.com\/sl\/wp-json\/wp\/v2\/posts\/2653","targetHints":{"allow":["GET"]}}],"collection":[{"href":"https:\/\/www.slovenia-convention.com\/sl\/wp-json\/wp\/v2\/posts"}],"about":[{"href":"https:\/\/www.slovenia-convention.com\/sl\/wp-json\/wp\/v2\/types\/post"}],"author":[{"embeddable":true,"href":"https:\/\/www.slovenia-convention.com\/sl\/wp-json\/wp\/v2\/users\/3"}],"replies":[{"embeddable":true,"href":"https:\/\/www.slovenia-convention.com\/sl\/wp-json\/wp\/v2\/comments?post=2653"}],"version-history":[{"count":0,"href":"https:\/\/www.slovenia-convention.com\/sl\/wp-json\/wp\/v2\/posts\/2653\/revisions"}],"wp:featuredmedia":[{"embeddable":true,"href":"https:\/\/www.slovenia-convention.com\/sl\/wp-json\/wp\/v2\/media\/2656"}],"wp:attachment":[{"href":"https:\/\/www.slovenia-convention.com\/sl\/wp-json\/wp\/v2\/media?parent=2653"}],"wp:term":[{"taxonomy":"category","embeddable":true,"href":"https:\/\/www.slovenia-convention.com\/sl\/wp-json\/wp\/v2\/categories?post=2653"},{"taxonomy":"post_tag","embeddable":true,"href":"https:\/\/www.slovenia-convention.com\/sl\/wp-json\/wp\/v2\/tags?post=2653"}],"curies":[{"name":"wp","href":"https:\/\/api.w.org\/{rel}","templated":true}]}}