{"id":2791,"date":"2015-06-02T11:04:32","date_gmt":"2015-06-02T11:04:32","guid":{"rendered":"http:\/\/www.slovenia-convention.com\/?p=2791"},"modified":"2015-06-02T12:27:45","modified_gmt":"2015-06-02T12:27:45","slug":"nacrtovane-marketinske-aktivnosti","status":"publish","type":"post","link":"https:\/\/www.slovenia-convention.com\/sl\/nacrtovane-marketinske-aktivnosti\/","title":{"rendered":"Na\u010drtovane marketin\u0161ke aktivnosti"},"content":{"rendered":"<p><strong>Priprave na \u0161tudijski obisk Slovenije \u201cBest of Slovenia\u201d v juliju v polnem zagonu<\/strong><\/p>\n<p>Kongresni urad Slovenije bo tudi leto\u0161nje leto v sodelovanju z javno agencijo SPIRIT, tehni\u010dnim organizatorjem Intours DMC in slovenskimi partnerji, med 3. in 5. julijem 2015 izvedel \u0161tudijski obisk \u201cBest of Slovenia\u201d za 30-35 potencialnih klientov iz klju\u010dnih primarnih trgov povpra\u0161evanj.<br \/>\nTuji organizatorji dogodkov bodo v dveh in pol dnevnih imeli prilo\u017enost spoznati tri osrednje destinacije Slovenije za kongrese in motivacijska sre\u010danja. Velika ve\u010dina njih bo obiskala Slovenijo prvi\u010d. Na\u0161e potencialne kliente smo \u017ee obvestili, tako preko zadnjega mese\u010dnega e-newslettra, kakor tudi na workshopih v Parizu, Muenchnu, Zuerichu, Stockholmu in na borzi IMEX. Prijave \u017ee prejemamo in veseli nas, da bomo gostili tudi kliente, ki smo jih spoznali na teh delavnicah. Osredoto\u010damo se na kliente iz Nem\u010dije, Avstrije, \u0160vice, Francije, Beneluxa in Skandinavije. Pri izboru bomo maksimalno osredoto\u010deni na njihovo kvaliteto in potencial za Slovenijo.<br \/>\nSlovenski partnerji, ki bodo sodelovali pri \u0161tudijskem obisku, bodo imeli prilo\u017enost sodelovati na celotnem programu in pri vseh aktivnostih ter dru\u017eenjih, ki jih pripravljamo v sklopu \u0161tudijskega obiska. S tem bodo imeli prilo\u017enost na neformalen na\u010din vzpostaviti osebne stike s tujimi organizatorji poslovnih sre\u010danj.<\/p>\n<p>V primeru, da vas udele\u017eba na \u0161tudijskem obisku zanima, imate \u0161e vedno mo\u017enost prijave. Za ve\u010d informacij nas kontaktirajte na: miha.kovacic@slovenia-convention.com<\/p>\n<p><strong><a id=\"TMS\"><\/a>The Meetings show v Londonu<\/strong><br \/>\nKongresni urad Slovenije se bo skupaj s 4 partnerji: Gospodarsko razstavi\u0161\u010de, Cankarjev dom, Turizem Ljubljana in Lifeclass Hotels &amp; Spa predstavil na borzi The Meetings show v Londonu. Borza bo potekala med 7. in 9. julijem v Londonu. V leto\u0161njem letu se pri\u010dakuje preko 400 razstavljalcev in preko 3.000 obiskovalcev. Le-ti prihajajo iz corporate segmenta, zdru\u017eenj in razli\u010dnih agencij.<br \/>\nV sklopu borze bo 6. julija organizirana tudi konferenca \u201cThe Association Meetings Conference\u201d, pod okriljem ga. Linde Pereira, direktorice CPL Meetings &amp; Events. Program in ve\u010d informacij lahko dobite na povezavi:<a title=\"http:\/\/www.themeetingsshow.com\/Content\/The-Association-Meeting-Conference\/8\/\" href=\"http:\/\/www.themeetingsshow.com\/Content\/The-Association-Meeting-Conference\/8\/\" target=\"_blank\">http:\/\/www.themeetingsshow.com\/Content\/The-Association-Meeting-Conference\/8\/<\/a><br \/>\nV sklopu nastopa na borzi bo KUS skupaj s slovenskim veleposlanikom Nj. eksc. mag. Tadejom Ruplom v torek, 7. julija ob 18.30 uri, na slovenskem veleposlani\u0161tvu v Londonu organiziran ve\u010derni sprejem za manj\u0161o skupino izbranih angle\u0161kih organizatorje dogodkov.<\/p>\n<p>Organizatorju je KUS poslal zadnje PR novice, ki smo jih zbrali na Kongresnem uradu Slovenije in vklju\u010dujejo klju\u010dne novosti \u010dlanov KUS. Upamo na objavo pred samim dogodkom.<\/p>\n<p>Ve\u010d informacij so lahko pogledate na: <a title=\"www.themeetingsshow.com\" href=\"http:\/\/www.themeetingsshow.com\" target=\"_blank\">www.themeetingsshow.com<\/a><\/p>\n<p><strong>Na\u010drtovani workshopi v drugi polovici leta 2015<\/strong><\/p>\n<p><strong>Workshop Var\u0161ava<\/strong><br \/>\nUgotovili smo, da se na predlagan termin workshopa v Var\u0161avi 23. junija v mestu odvija konkure\u010den in dosti ve\u010dji dogodek, ki bi znal vplivati na udele\u017ebo na na\u0161em dogodku. \u017dal smo bili primorani iskati alternativni termin in predlog, ki smo ga dobili od marketin\u0161ke agencije Meeting Planner je torek, 25. avgust 2015. Pred poletjem workshopa ne moremo ve\u010d organizirati.<br \/>\nKo se dogovorimo o kon\u010dnem terminu, ki bo konec avgusta ali v za\u010detku septembra, vas bomo obvestili.<\/p>\n<p><strong>Workshop Bruselj in Amsterdam<\/strong><br \/>\nPredviden datum izvedbe obeh dogodkov je 29. in 30. september. Trenutno smo v preverjanju datumov s SPIRIT Slovenija. O kon\u010dni odlo\u010ditvi vas bomo \u010dim prej obvestili. Workshopa bosta organizirana na na\u010din, kot smo ga izvedli v Stockholmu, kjer bosta leisure in MICE del lo\u010dena, vendar na isti lokaciji v sodelovanju z javno agencijo SPIRIT in izbrano marketin\u0161ko agencijo, ki nam bo pomagala pri naboru kakovostnih organizatorjev dogodkov iz dr\u017eav Beneluxa. S tem lahko ustvarimo kvalitetnej\u0161o predstavitev, zni\u017eamo stro\u0161ke predstavitve in \u010dlani lahko isto\u010dasno predstavite MICE in leisure poonudbo na obeh trgih.<\/p>\n<p>Za ve\u010d informacij se lahko obrnete na: miha.kovacic@slovenia-convention.com<br \/>\n<strong><br \/>\nWorkshop Praga<\/strong><br \/>\nPredviden datum izvedbe dogodka je 20. oktober. Trenutno smo v preverjanju s \u010de\u0161kim kolegom ali je mo\u017ena organizacija skupnega workshopa, saj se bo na turisti\u010dnem delu Slovenija predstavila na turisti\u010dni poslovni borzi Travel Meeteing Point. O kon\u010dni odlo\u010ditvi vas bomo \u010dimprej obvestili. Skupno izvedbo predstavitve Slovenije na\u010drtujemo z namenom kvalitetnej\u0161e predstavitve, ni\u017ejih stro\u0161kov predstavitve in \u010dlani lahko isto\u010dasno predstavite MICE in leisure poonudbo na obeh trgih. Tudi na tem trgu se bomo poslu\u017eili znanje marketin\u0161ke agencije, ki nam bo pomagala pridobiti nove kvalitetne kontakte iz tega trga.<\/p>\n","protected":false},"excerpt":{"rendered":"<p>Priprave na \u0161tudijski obisk Slovenije \u201cBest of Slovenia\u201d v juliju v polnem zagonu Kongresni urad Slovenije bo tudi leto\u0161nje leto v sodelovanju z javno agencijo SPIRIT, tehni\u010dnim organizatorjem Intours DMC in slovenskimi partnerji, med 3. in 5. julijem 2015 izvedel \u0161tudijski obisk \u201cBest of Slovenia\u201d za 30-35 potencialnih klientov iz klju\u010dnih primarnih trgov povpra\u0161evanj. Tuji [&hellip;]<\/p>\n","protected":false},"author":3,"featured_media":2497,"comment_status":"closed","ping_status":"open","sticky":false,"template":"","format":"standard","meta":{"_acf_changed":false,"footnotes":""},"categories":[1],"tags":[],"class_list":{"0":"post-2791","1":"post","2":"type-post","3":"status-publish","4":"format-standard","5":"has-post-thumbnail","7":"category-scb"},"acf":[],"_links":{"self":[{"href":"https:\/\/www.slovenia-convention.com\/sl\/wp-json\/wp\/v2\/posts\/2791","targetHints":{"allow":["GET"]}}],"collection":[{"href":"https:\/\/www.slovenia-convention.com\/sl\/wp-json\/wp\/v2\/posts"}],"about":[{"href":"https:\/\/www.slovenia-convention.com\/sl\/wp-json\/wp\/v2\/types\/post"}],"author":[{"embeddable":true,"href":"https:\/\/www.slovenia-convention.com\/sl\/wp-json\/wp\/v2\/users\/3"}],"replies":[{"embeddable":true,"href":"https:\/\/www.slovenia-convention.com\/sl\/wp-json\/wp\/v2\/comments?post=2791"}],"version-history":[{"count":0,"href":"https:\/\/www.slovenia-convention.com\/sl\/wp-json\/wp\/v2\/posts\/2791\/revisions"}],"wp:featuredmedia":[{"embeddable":true,"href":"https:\/\/www.slovenia-convention.com\/sl\/wp-json\/wp\/v2\/media\/2497"}],"wp:attachment":[{"href":"https:\/\/www.slovenia-convention.com\/sl\/wp-json\/wp\/v2\/media?parent=2791"}],"wp:term":[{"taxonomy":"category","embeddable":true,"href":"https:\/\/www.slovenia-convention.com\/sl\/wp-json\/wp\/v2\/categories?post=2791"},{"taxonomy":"post_tag","embeddable":true,"href":"https:\/\/www.slovenia-convention.com\/sl\/wp-json\/wp\/v2\/tags?post=2791"}],"curies":[{"name":"wp","href":"https:\/\/api.w.org\/{rel}","templated":true}]}}