{"id":2795,"date":"2015-06-02T11:14:33","date_gmt":"2015-06-02T11:14:33","guid":{"rendered":"http:\/\/www.slovenia-convention.com\/?p=2795"},"modified":"2015-06-02T14:40:05","modified_gmt":"2015-06-02T14:40:05","slug":"druge-aktivnosti-kongresnega-urada-slovenije","status":"publish","type":"post","link":"https:\/\/www.slovenia-convention.com\/sl\/druge-aktivnosti-kongresnega-urada-slovenije\/","title":{"rendered":"Druge aktivnosti Kongresnega urada Slovenije"},"content":{"rendered":"<p><strong>Sodelovanje s SOOLNUA, Irska<\/strong><\/p>\n<p>V sklopu letnega dogovora z marketin\u0161ko agencijo Soolnua iz Irske je ena izmed glavnih aktivnosti dolo\u010ditev \u201cstebrov blagovne znamke Kongresna Slovenija\u201d oz. \u201cBrand Value Propositions\u201d. Klju\u010dno izhodi\u0161\u010de je bila blagovna znamka \u201cI feel Slovenia\u201d, ki je po mnenju Soolnue zelo dobra blagovna znamka v katero je bilo vlo\u017eenega veliko truda, je originalna in ima dolo\u010deno mednarodno prepoznavnost. Vrednote, ki jih Kongresna Slovenija zagovarja in stremi so bile dolo\u010dene \u017ee pred leti v sklopu letnega sre\u010danja in so zapisane na energijski plo\u010devinki.<\/p>\n<p>Te so:<\/p>\n<p>&#8211; Slovenian Energy \/ slovenska energija<br \/>\n&#8211; Team flexibility \/ teamska prilagodljivost<br \/>\n&#8211; 24 ur smile \/ 24 urni nasmeh<br \/>\n&#8211; Personal touch \/ osebni stik<br \/>\n&#8211; Natural charm \/ naravna o\u010darljivost<\/p>\n<p>Na podlagi teh karakteristik Kongresne Slovenije bomo v sodelovanju s Soolnua pripravili komunikacijske slogane, razne predstavitve in PR sporo\u010dila. To bo kar zahtevna naloga in v drugi polovici leta na\u010drtujemo izvedbo skupnega sre\u010danja, kjer bomo \u010dlanom predstavili celoten projekt, prednosti in koristi, ki jih boste dobili kot \u010dlani.<\/p>\n<p><strong>Sodelovanje s TMF iz Nem\u010dije<\/strong><\/p>\n<p>TMF bo pri pripravi blogov in sporo\u010dil vklju\u010dil vrednote Kongresne Slovenije, ki jih je sprejel svet zavoda na zadnji seji sveta zavoda. Prve zgodbe bodo pripravljene \u017ee v tem mesecu in se bodo do konca leta nadgrajevale.<\/p>\n<p>Sosledno TMF pripravlja svoje bloge in vklju\u010duje druge pri promociji kongresne Slovenije preko svojih digitalnih kanalov.<\/p>\n<p>Povezava do zadnjega bloga: <a title=\"http:\/\/www.tmf-dialogue.net\/slowenien-organisieren-sie-ihre-events-in-den-alpen.html\" href=\"http:\/\/www.tmf-dialogue.net\/slowenien-organisieren-sie-ihre-events-in-den-alpen.html\">http:\/\/www.tmf-dialogue.net\/slowenien-organisieren-sie-ihre-events-in-den-alpen.html<\/a><\/p>\n<p>Predstavitev Slovenije v MICE Handbook 2015-2016, Theexpreriental planner<br \/>\nSlovenija se lahko pohvali z objavo predstavitve Slovenije kot kongresne in incentive destinacije na indijskem trgu. Objavo smo dobili brezpla\u010dno zaradi sodelovanja z marketin\u0161ko agencijo TMF.<\/p>\n<p>Ve\u010d informacij: <a title=\"http:\/\/www.tmf-dialogue.net\/experience-europe-the-mice-roadshow-marks-the-launch-of-ep-mice-handbook-2015-2016.html \" href=\"http:\/\/www.tmf-dialogue.net\/experience-europe-the-mice-roadshow-marks-the-launch-of-ep-mice-handbook-2015-2016.html \">http:\/\/www.tmf-dialogue.net\/experience-europe-the-mice-roadshow-marks-the-launch-of-ep-mice-handbook-2015-2016.html <\/a><\/p>\n<p><strong>Statistika ICCA za leto 2014 in poziv k oddaji dogodkov za ICCO, leto 2015<\/strong><br \/>\nV mesecu maju je bila objavljena statistika ICCA za leto 2014. Prilagamo jo na <a title=\"ICCA 2014\" href=\"http:\/\/www.visitlund.se\/sites\/lund\/files\/country_and_city_rankings_2014.pdf\" target=\"_blank\">povezavi<\/a>.<br \/>\nPodatki v nadaljevanju se navezujejo na leto 2014:<br \/>\nSlovenija se trenutno na svetovni lestvici s skupno 47 sre\u010danji, uvr\u0161\u010da na 49. mesto od skupaj 114 dr\u017eav. Ljubljana je z 32 dogodki na svetovni lestvici na 75 mestu od skupaj 371 mest. Na evropski lestvici Slovenija zaseda s 47 dogodki 27. mesto od skupaj 45 dr\u017eav. Ljubljana na evropski lestvici z 32 dogodki zaseda 39. mesto od skupaj 183 mest.<\/p>\n<p>V primerjavi z letom 2013 je Slovenija na ICCO sporo\u010dila 10 dogodkov manj. Zato je tudi na obeh lestvicah padla za nekaj mest. Ljubljana je prijavila en dogodek ve\u010d in je tako vi\u0161je na lestvici ICCA. Iz navedenega je razvidno, da je skupno sodelovanje vseh dele\u017enikov klju\u010dnege pomena za dvig uvrstitve Slovenije, Ljubljane in ostalih destinacij. Statitistika ICCA ima mo\u010dan marketin\u0161ki vpliv, saj se je v mednarodnem poslovnem okolju veliko uporablja in nekako rangira dr\u017eave in mesta po priljubljenosti. ICCA upo\u0161teva samo dolo\u010dene vrste sre\u010danj v svoji statistiki, zato je sodelovanje \u0161e toliko bolj pomembno. Naslednje leto se moramo skupaj anga\u017eirati, da bomo ICCA posredovali informacije o ve\u010djem \u0161tevilu poslovnih sre\u010danj in tako Slovenijo uvrstili vi\u0161je na evropski in svetovni lestvici.<\/p>\n<p>Pri objavi podatkov za ICCA statistiko bodo upo\u0161tevani dogodki, ki ustrezajo spodnjim kriterijem:<br \/>\n&#8211; izklju\u010dno mednarodni dogodki znanstveno-strokovnih zdru\u017eenj<br \/>\n&#8211; vsaj 50 udele\u017eencev<br \/>\n&#8211; redne ponovitve (letni, dvoletni ali ve\u010dletni)<br \/>\n&#8211; rotacija med vsaj tremi dr\u017eavami<\/p>\n<p>V kolikor imate informacije o tak\u0161nih sre\u010danjih vas prosimo, da nam posredujete njihove podatke. V kolikor nimate vseh informacij, menite pa da izpolnjujejo pogoje, nam vseeno posredujte njihove kontaktne podatke. Z veseljem bomo preverili ali izpolnjujejo zahtevane kriterije za uvrstitev na seznam ICCA.<\/p>\n<p>Za uvrstitev na seznam ICCA bi potrebovali naslednje informacije:<br \/>\nIME IN KRATICA DOGODKA:<br \/>\nLOKACIJA DOGODKA:<br \/>\n\u0160TEVILO UDELE\u017dENCEV:<br \/>\nSPLETNA STRAN DOGODKA oz. KONTAKTNI PODATKI ORGANIZATORJA:<\/p>\n<p>Prosimo vas, da nam do konca meseca junija posredujete informacije za prvo polovico leto\u0161njega leta. V primeru vpra\u0161anj nas prosim kontaktirajte na miha.kovacic@slovenia-convention.com.<\/p>\n<p>Tisti, ki ste \u010dlani ICCA pa po\u0161iljate podatke neposredno ICCA zdru\u017eenju. Na KUS-u bomo zbirali podatke na nacionalni ravni in jih v sodelovanju z ostalimi \u010dlani posredovali ICCA.<br \/>\nVe\u010d informacij na povezavi: <a title=\"http:\/\/www.iccaworld.com\/stats\/\" href=\"http:\/\/www.iccaworld.com\/stats\/\" target=\"_blank\">http:\/\/www.iccaworld.com\/stats\/<\/a><br \/>\n\u017de vnaprej se zahvaljujemo za sodelovanje in upamo na vi\u0161jo uvrstitev Slovenije na seznamu ICCA naslednje leto.<\/p>\n<p><strong>Seja sveta zavoda<\/strong><br \/>\n\u010cetrta seja sveta Zavod-kongresnoturisti\u010dni urad v letu 2015 je bila izvedena 11. maja 2015 v Cankarjevem domu<\/p>\n<p>Dnevni red je vklju\u010deval:<br \/>\n1. Predstavitev \u201cBrand Value Propositions\u201d\/ predlog stebrov blagovne znamke kongresna Slovenija s strani Soolnua, Padraic Gilligan.<br \/>\n2. V\u010dlanitev event agencije \u0160pik (Primo\u017e Gori\u010dnik).<br \/>\n3. Izvedene aktivnosti: nova spletna stran, kampanja TMF, WS Pariz, Muenchen, Zuerich, Stockholm, Soolnua.<br \/>\npredvidene aktivnosti do poletja: IMEX, WS Var\u0161ava, fam trip.<br \/>\n4. Sestanek z ministrom g. Zdravkom Po\u010dival\u0161kom, sestanek z direktorico direktorata za turizem in internacionalizacijo na MGRT ga. Eva \u0160travs Podlogar.<br \/>\n5. Termini sej sveta zavoda do konca leta.<br \/>\n6. Razno.<\/p>\n<p><em>Na seji sveta zavoda sta bila soglasno sprejeta sklepa:<\/em><br \/>\n\u201cVsi prisotni soglasno potrjujejo predstavljene stebre Kongresne Slovenije oz \u201cBrand Value Propostions-BVP\u201d pripravljene s strani Soolnua, z dopolnitvami, ki so jih predlagali \u010dlani sveta zavoda. Soolnua bo pripravila kon\u010dno razli\u010dico predstavitve.\u201d Na seji je bil soglasno tudi potrjen nov \u010dlan Kongresnega urada Slovenije g. Primo\u017e Gori\u010dnik.<\/p>\n<p>Direktor Miha Kova\u010di\u010d je predstavil izvedene marketin\u0161ke aktivnosti od zadnje seje in na\u010drtovane v naslednjem obdobju. Obenem na\u010drtujemo sre\u010danje z v. d. generalno direktorico Direktorata za turizem in internacionalizacijo, gospo Evo \u0160travs Podlogar in ministrom za gospodarski razvoj in tehnologijo gospodom Zdravkom Po\u010dival\u0161kom.<\/p>\n<p>Na \u017eeljo \u010dlanov sveta zavoda bodo termini sej sveta dolo\u010deni vnaprej predvidoma do konca leta. Naslednja seja sveta Zavod-kongresnoturisti\u010dni urad bo konec meseca junija.<\/p>\n<p>Na va\u0161o zahtevo vam po\u0161ljemo zapisnik po e-mailu.<\/p>\n<p><strong><br \/>\n\u0160tudijski obisk ekipe KUS<br \/>\nHi\u0161a izro\u010dila ob Cerkni\u0161kem jezeru<\/strong><br \/>\nV petek, 29. maja 2015 se je ekipa KUS-a odpravila na Notranjsko, v Hi\u0161o izro\u010dila ob Cerkni\u0161kem jezeru. Hi\u0161a izro\u010dila skozi svoje osnovno poslanstvo varovanja nesnovne in naravne dedi\u0161\u010dine Notranjske in tudi Slovenije, predstavlja \u0161e neodkrito zakladnico avtenti\u010dnih do\u017eivetij, ki so odli\u010dna prilo\u017enost za incentive in team-building programe \u2013 od izdelovanja tradicionalnega cerkni\u0161kega \u010dolna drevaka, veslanja na Cerkni\u0161kem jezeru, kolesarjenja, trekinga, nabiranja divjih zeli\u0161\u010d in izdelovanje eteri\u010dnih olj, do starih va\u0161kih obi\u010dajev, ki se lahko nadgradijo v originalne programe in zgodbe, kot je puljenje in trenje lana ali vihtenje kova\u0161kega kladiva. Izjemna do\u017eivetja te slikovite kra\u0161ke pokrajine so od Ljubljane oddaljena le pol ure vo\u017enje. Pripovedovalka zgodb in na\u0161a gostiteljica, kreativna direktorica Hi\u0161e izro\u010dila, gospa Ljoba Jan\u010de, je med pripovedovanjem kra\u0161kih zgodb v \u0161ali dodala: \u201cZa Notranjce velja, da smo neprijazno prijazni.\u201d; a brez skrbi, na Notranjskem boste zagotovo dele\u017eni prijazne dobrodo\u0161lice in nepozabnih zgodb.<\/p>\n<p>Ve\u010d o Hi\u0161i izro\u010dila: <a title=\"http:\/\/hisaizrocila.si\/\" href=\"http:\/\/hisaizrocila.si\/\" target=\"_blank\">http:\/\/hisaizrocila.si\/<\/a><\/p>\n<p><em>Ali ste vedeli?<\/em><br \/>\nDodana\u0161njih dni se je na Cerkni\u0161kem jezeru najmanj od \u010dasa Valvasorja (1641 \u2013 1693) ohranil v dejanski rabi tradicionalni \u010doln drevak, ki predstavlja zadnjo ohranjeno vez razvoja ladjedelstva od deblaka ali t.i. monoksila-\u010dolna iz enega debla v sodobno gradnjo plovil na rebra.<\/p>\n","protected":false},"excerpt":{"rendered":"<p>Sodelovanje s SOOLNUA, Irska V sklopu letnega dogovora z marketin\u0161ko agencijo Soolnua iz Irske je ena izmed glavnih aktivnosti dolo\u010ditev \u201cstebrov blagovne znamke Kongresna Slovenija\u201d oz. \u201cBrand Value Propositions\u201d. Klju\u010dno izhodi\u0161\u010de je bila blagovna znamka \u201cI feel Slovenia\u201d, ki je po mnenju Soolnue zelo dobra blagovna znamka v katero je bilo vlo\u017eenega veliko truda, je [&hellip;]<\/p>\n","protected":false},"author":3,"featured_media":2779,"comment_status":"closed","ping_status":"open","sticky":false,"template":"","format":"standard","meta":{"_acf_changed":false,"footnotes":""},"categories":[1],"tags":[],"class_list":{"0":"post-2795","1":"post","2":"type-post","3":"status-publish","4":"format-standard","5":"has-post-thumbnail","7":"category-scb"},"acf":[],"_links":{"self":[{"href":"https:\/\/www.slovenia-convention.com\/sl\/wp-json\/wp\/v2\/posts\/2795","targetHints":{"allow":["GET"]}}],"collection":[{"href":"https:\/\/www.slovenia-convention.com\/sl\/wp-json\/wp\/v2\/posts"}],"about":[{"href":"https:\/\/www.slovenia-convention.com\/sl\/wp-json\/wp\/v2\/types\/post"}],"author":[{"embeddable":true,"href":"https:\/\/www.slovenia-convention.com\/sl\/wp-json\/wp\/v2\/users\/3"}],"replies":[{"embeddable":true,"href":"https:\/\/www.slovenia-convention.com\/sl\/wp-json\/wp\/v2\/comments?post=2795"}],"version-history":[{"count":0,"href":"https:\/\/www.slovenia-convention.com\/sl\/wp-json\/wp\/v2\/posts\/2795\/revisions"}],"wp:featuredmedia":[{"embeddable":true,"href":"https:\/\/www.slovenia-convention.com\/sl\/wp-json\/wp\/v2\/media\/2779"}],"wp:attachment":[{"href":"https:\/\/www.slovenia-convention.com\/sl\/wp-json\/wp\/v2\/media?parent=2795"}],"wp:term":[{"taxonomy":"category","embeddable":true,"href":"https:\/\/www.slovenia-convention.com\/sl\/wp-json\/wp\/v2\/categories?post=2795"},{"taxonomy":"post_tag","embeddable":true,"href":"https:\/\/www.slovenia-convention.com\/sl\/wp-json\/wp\/v2\/tags?post=2795"}],"curies":[{"name":"wp","href":"https:\/\/api.w.org\/{rel}","templated":true}]}}