{"id":3521,"date":"2015-10-15T14:48:22","date_gmt":"2015-10-15T14:48:22","guid":{"rendered":"http:\/\/www.slovenia-convention.com\/?p=3521"},"modified":"2015-10-19T07:30:22","modified_gmt":"2015-10-19T07:30:22","slug":"najvecja-evropska-konferenca-na-temo-trajnostne-mobilnosti-je-bila-v-ljubljani","status":"publish","type":"post","link":"https:\/\/www.slovenia-convention.com\/sl\/najvecja-evropska-konferenca-na-temo-trajnostne-mobilnosti-je-bila-v-ljubljani\/","title":{"rendered":"Najve\u010dja evropska konferenca na temo trajnostne mobilnosti je bila v Ljubljani"},"content":{"rendered":"<p><strong>Za\u010detek oktobra je Ljubljana dihala s trajnostno mobilnostjo, saj je v na\u0161i prestolnici na to temo potekala najpomembnej\u0161a evropska konferenca &#8211; 13. CIVITAS Forum. Dogodek je privabil rekordnih 560 udele\u017eencev iz 48 dr\u017eav, nosilna tema \u00bbMesto si delimo\u00ab, pa je omogo\u010dila razprave, izmenjavo znanj in izku\u0161enj o tem kako najbolje deliti javni prostor, tako v dejanskem kot dru\u017ebenem smislu, in s tem pripomo\u010di k nadaljnjemu oblikovanju in uvedbi inovativnih, pametnih ter vzdr\u017enih mobilnostnih re\u0161itev, tako za evropska mesta kot \u0161ir\u0161e.<\/strong><\/p>\n<p><strong>Kdo so bili udele\u017eenci in kak\u0161no je bilo na koncu skupno spoznanje o Ljubljani?<\/strong><br \/>\nForum so obiskali politi\u010dni predstavniki \u0161tevilnih evropskih mest in strokovnjaki, ki se ukvarjajo predvsem z mobilnostjo, urejanjem prostora in drugimi vidiki ustvarjanja bolj prijaznih mest, dostopnih za vse. Dogodek pa so posebej zaznamovali visoki gostje iz tujine in Slovenije, ki pa so se vsi strinjali v enem: da je Ljubljana lahko ponosna, ker je v tako kratkem \u010dasu izvedla \u0161tevilne ukrepe za izbolj\u0161anje kakovosti \u017eivljenja ter da so njena prizadevanja, ki odmevajo ne samo po Evropi, ampak tudi \u0161ir\u0161e po svetu, lahko vzor \u0161tevilnim drugim mestom.<\/p>\n<p><strong>Katera pa so bila prizori\u0161\u010da med dogodkom?<\/strong><br \/>\nGlavno prizori\u0161\u010de konference je bil Cankarjev Dom, konferen\u010dno ve\u010derjo pa sta ljubljanski \u017eupan Zoran Jankovi\u0107 in evropska komisarka Violeta Bulc gostila v Grand Hotelu Union, medtem ko je dru\u017eabni ve\u010der potekal na zelenem prizori\u0161\u010du na severu mesta, Orehovem Gaju. <\/p>\n<p>Terenski ogledi in drugi spremljajo\u010di dogodki pa so udele\u017eencem omogo\u010dili, da so Ljubljano, predvsem njene \u0161tevilne trajnostno naravnane novosti, spoznali podrobneje. Arhitekturno bogato mesto so si pod vodstvom pod\u017eupana prof. Janeza Ko\u017eelja ogledali s kolesi, \u00bbpe\u0161ci\u00ab so si ogledali preurejeno mestno sredi\u0161\u010de in obiskali znamenitosti iz \u010dasa Rimske Emone, sodelavci Ljubljanskega potni\u0161kega prometa pa so na \u0161tudijskem ogledu predstavili okolju in dru\u017ebi prijazne tehnologije ter storitve javnega prevoza.<\/p>\n<p><strong>Ponosno sporo\u010dilo ljubljanskega \u017eupana Zorana Jankovi\u0107a<\/strong><br \/>\n\u00bbTudi sam izra\u017eam ponos ob zaklju\u010dku te izjemne konference, ki je v najlep\u0161e mesto na svetu privabila kar trikrat ve\u010d udele\u017eencev kot dosedanji CIVITAS forumi. Posebej izpostavljam pomen solidarnosti, ki se ka\u017ee prav v skupnih prizadevanjih za \u0161e bolj &#8216;zeleno&#8217; prihodnost tudi naslednjih generacij, ob tem pa skrbimo tudi za visoko kakovost \u017eivljenja sedanje generacije. Kajti \u010de lahko tako na enem mestu predstavimo najbolj\u0161e projekte in se u\u010dimo drug od drugih, smo vsi lahko \u0161e bolj\u0161i in na\u0161i me\u0161\u010dani bolj zadovoljni,\u00ab je povzel \u017eupan Zoran Jankovi\u0107, in obljubil, da bo Ljubljana \u0161e naprej sledila trajnostni viziji, zaradi katere je tudi prejela presti\u017eni naziv zelena prestolnica Evrope 2016 in kar dvakrat nagrado evropski teden mobilnosti.<\/p>\n<p><strong>Kaj je CIVITAS Forum?<\/strong><br \/>\nCIVITAS Forum je mre\u017ea mest, ki si prizadevajo za razvoj trajnostne mobilnosti v mestih in deluje od leta 2003. Vanjo je vklju\u010denih \u017ee ve\u010d kot 200 evropskih mest, bodisi tistih, ki so sodelovala v projektih, ki jih je sofinancirala Evropska komisija v pobudi CIVITAS, bodisi tistih, ki pri uveljavljanju trajnostne mobilnosti sledijo smernicam in politikam, ki jih promovira pobuda CIVITAS.<\/p>\n<p>Vir: <a href=\"http:\/\/www.visitljubljana.com\/si\/organizatorji-srecanj\/\" target=\"_blank\">Turizem Ljubljana\/Kongresni urad in Mestna ob\u010dina Ljubljana<\/a><\/p>\n","protected":false},"excerpt":{"rendered":"<p>Za\u010detek oktobra je Ljubljana dihala s trajnostno mobilnostjo, saj je v na\u0161i prestolnici na to temo potekala najpomembnej\u0161a evropska konferenca &#8211; 13. CIVITAS Forum. Dogodek je privabil rekordnih 560 udele\u017eencev iz 48 dr\u017eav, nosilna tema \u00bbMesto si delimo\u00ab, pa je omogo\u010dila razprave, izmenjavo znanj in izku\u0161enj o tem kako najbolje deliti javni prostor, tako v [&hellip;]<\/p>\n","protected":false},"author":3,"featured_media":3519,"comment_status":"closed","ping_status":"open","sticky":false,"template":"","format":"standard","meta":{"_acf_changed":false,"footnotes":""},"categories":[32],"tags":[310,203],"class_list":{"0":"post-3521","1":"post","2":"type-post","3":"status-publish","4":"format-standard","5":"has-post-thumbnail","7":"category-novice-clanov","8":"tag-civitas-forum-sl","9":"tag-ljubljana-sl"},"acf":[],"_links":{"self":[{"href":"https:\/\/www.slovenia-convention.com\/sl\/wp-json\/wp\/v2\/posts\/3521","targetHints":{"allow":["GET"]}}],"collection":[{"href":"https:\/\/www.slovenia-convention.com\/sl\/wp-json\/wp\/v2\/posts"}],"about":[{"href":"https:\/\/www.slovenia-convention.com\/sl\/wp-json\/wp\/v2\/types\/post"}],"author":[{"embeddable":true,"href":"https:\/\/www.slovenia-convention.com\/sl\/wp-json\/wp\/v2\/users\/3"}],"replies":[{"embeddable":true,"href":"https:\/\/www.slovenia-convention.com\/sl\/wp-json\/wp\/v2\/comments?post=3521"}],"version-history":[{"count":0,"href":"https:\/\/www.slovenia-convention.com\/sl\/wp-json\/wp\/v2\/posts\/3521\/revisions"}],"wp:featuredmedia":[{"embeddable":true,"href":"https:\/\/www.slovenia-convention.com\/sl\/wp-json\/wp\/v2\/media\/3519"}],"wp:attachment":[{"href":"https:\/\/www.slovenia-convention.com\/sl\/wp-json\/wp\/v2\/media?parent=3521"}],"wp:term":[{"taxonomy":"category","embeddable":true,"href":"https:\/\/www.slovenia-convention.com\/sl\/wp-json\/wp\/v2\/categories?post=3521"},{"taxonomy":"post_tag","embeddable":true,"href":"https:\/\/www.slovenia-convention.com\/sl\/wp-json\/wp\/v2\/tags?post=3521"}],"curies":[{"name":"wp","href":"https:\/\/api.w.org\/{rel}","templated":true}]}}