{"id":3525,"date":"2015-10-16T11:00:17","date_gmt":"2015-10-16T11:00:17","guid":{"rendered":"http:\/\/www.slovenia-convention.com\/?p=3525"},"modified":"2015-10-15T20:49:08","modified_gmt":"2015-10-15T20:49:08","slug":"peti-dnevi-slovenskega-turizma-so-potekali-v-znamenju-re-invencije","status":"publish","type":"post","link":"https:\/\/www.slovenia-convention.com\/sl\/peti-dnevi-slovenskega-turizma-so-potekali-v-znamenju-re-invencije\/","title":{"rendered":"Peti dnevi slovenskega turizma so potekali v znamenju Re-invencije"},"content":{"rendered":"<p><strong>Med 12. in 14. oktobrom 2015 so v Novi Gorici potekali peti Dnevi slovenskega turizma (DST), ki se ga je tudi letos udele\u017eila ekipa Kongresnega urada Slovenije. V okviru DST je potekal tudi 18. Slovenski turisti\u010dni forum z osrednjo tematiko &#8220;\u010cas za Re-invencijo! Time to ER-invent!&#8221;, kjer so ugledni gostje prevetrili mo\u017enosti in prilo\u017enosti, ki jih pred slovenski turizem postavljajo aktualni izziv, ki hkrati pomenijo tudi \u0161tevilne prilo\u017enosti.<\/strong><\/p>\n<p><strong>18. SLOVENSKI TURISTI\u010cNI FORUM<\/strong> je v treh panelih na temo RE-invencij, in sicer v upravljanju znamke (brandinga), destinacijskega managementa in razvoja turisti\u010dnih produktov podal klju\u010dna vpra\u0161anja in odgovore slovenskega turizma z vidika tujih in doma\u010dih strokovnjakov ter predstavnikov slovenskega turisti\u010dnega gospodarstva. V predstavitvah in diskusijah, ki so jim sledila, so bila izpostavljena klju\u010dna vpra\u0161anja, povezana z izzivi razvoja in promocije slovenskega turizma v lu\u010di Re-invencije.<\/p>\n<p>V okviru leto\u0161njih Dnevov slovenskega turizma je Slovenska turisti\u010dna organizacija podelila \u0161esto priznanje slovenski destinaciji odli\u010dnosti \u2013 <strong>priznanje EDEN<\/strong>, ki ga je letos prejela destinacija Brda za produkt kulinarike in lokalne gastronomije. V mednarodno mre\u017eo EDEN, ki je sestavlja \u017ee preko 100 Evropskih destinacij odli\u010dnosti, je tako vklju\u010denih 6 slovenskih zmagovalk in vse finalistke. <\/p>\n<p>Podeljeni so bili tudi <strong>prvi certifikati Zelene sheme slovenskega turizma &#8220;SLOVENIA GREEN&#8221;<\/strong>. Zlato priznanje SLOVENIA GREEN DESTINATION je prejela <strong>Ljubljana<\/strong> kot prva certificirana destinacija Zelene sheme slovenskega turizma, certifikate Slovenia Green Accommodation pa je prejelo <strong>6 slovenskih ponudnikov nastanitev<\/strong>, ki \u017ee posedujejo enega od uveljavljenih  mednarodnih okoljskih znakov. S podelitvijo prvih certifikatov Zelene sheme slovenskega turizma STO sledili viziji in ciljem nenehne rasti konkuren\u010dnosti slovenskega turizma in utrjevanja podobe Slovenije kot trajnostno usmerjene, to je <strong>zelene turisti\u010dne destinacije<\/strong>.<\/p>\n<p>V ponedeljek, 12. oktobra, sta udele\u017eence leto\u0161njih Dnevov slovenskega turizma v plenarnem delu nagovorila tudi predsednik Vlade Republike Slovenija, <strong>dr. Miro Cerar<\/strong> in minister za gospodarski razvoj in tehnologijo, <strong>Zdravko Po\u010dival\u0161ek<\/strong>, ki sta v svojih govorih potrdila, da je turizem ena izmed najpomembnej\u0161ih gospodarskih panog v Sloveniji.<\/p>\n<p>DST letno zdru\u017eujejo klju\u010dne dogodke slovenskega turizma pod eno streho. Organizacija poteka v partnerskem sodelovanju vseh ve\u010djih institucij s podro\u010dja turizma v Sloveniji: <em>Slovenske turisti\u010dne organizacije, Ministrstva za gospodarski razvoj in tehnologijo, Zavoda Kongresnoturisti\u010dni urad, Turisti\u010dne zveze Slovenije, Turisti\u010dno-gostinske zbornice Slovenije, Sekcije za gostinstvo in turizem pri Obrtno-podjetni\u0161ki zbornici Slovenije, Dru\u0161tva turisti\u010dnih novinarjev Slovenije Fijet Slovenija, Zbornice gorskih centrov \u2013 GZS, Zdru\u017eenja turisti\u010dnih agencij Slovenije, Skupnosti slovenskih naravnih zdravili\u0161\u010d, GIZ Pohodni\u0161tvo in kolesarjenje in druge.<\/em><\/p>\n<p>Vir in fotografija: <em>Slovenska turisti\u010dna organizacija<\/em><\/p>\n","protected":false},"excerpt":{"rendered":"<p>Med 12. in 14. oktobrom 2015 so v Novi Gorici potekali peti Dnevi slovenskega turizma (DST), ki se ga je tudi letos udele\u017eila ekipa Kongresnega urada Slovenije. V okviru DST je potekal tudi 18. Slovenski turisti\u010dni forum z osrednjo tematiko &#8220;\u010cas za Re-invencijo! Time to ER-invent!&#8221;, kjer so ugledni gostje prevetrili mo\u017enosti in prilo\u017enosti, ki [&hellip;]<\/p>\n","protected":false},"author":3,"featured_media":3526,"comment_status":"closed","ping_status":"open","sticky":false,"template":"","format":"standard","meta":{"_acf_changed":false,"footnotes":""},"categories":[27],"tags":[311,312,135],"class_list":{"0":"post-3525","1":"post","2":"type-post","3":"status-publish","4":"format-standard","5":"has-post-thumbnail","7":"category-novice-urada","8":"tag-dnevi-slovenskega-turizma-2015","9":"tag-dst-2015","10":"tag-slovenija"},"acf":[],"_links":{"self":[{"href":"https:\/\/www.slovenia-convention.com\/sl\/wp-json\/wp\/v2\/posts\/3525","targetHints":{"allow":["GET"]}}],"collection":[{"href":"https:\/\/www.slovenia-convention.com\/sl\/wp-json\/wp\/v2\/posts"}],"about":[{"href":"https:\/\/www.slovenia-convention.com\/sl\/wp-json\/wp\/v2\/types\/post"}],"author":[{"embeddable":true,"href":"https:\/\/www.slovenia-convention.com\/sl\/wp-json\/wp\/v2\/users\/3"}],"replies":[{"embeddable":true,"href":"https:\/\/www.slovenia-convention.com\/sl\/wp-json\/wp\/v2\/comments?post=3525"}],"version-history":[{"count":0,"href":"https:\/\/www.slovenia-convention.com\/sl\/wp-json\/wp\/v2\/posts\/3525\/revisions"}],"wp:featuredmedia":[{"embeddable":true,"href":"https:\/\/www.slovenia-convention.com\/sl\/wp-json\/wp\/v2\/media\/3526"}],"wp:attachment":[{"href":"https:\/\/www.slovenia-convention.com\/sl\/wp-json\/wp\/v2\/media?parent=3525"}],"wp:term":[{"taxonomy":"category","embeddable":true,"href":"https:\/\/www.slovenia-convention.com\/sl\/wp-json\/wp\/v2\/categories?post=3525"},{"taxonomy":"post_tag","embeddable":true,"href":"https:\/\/www.slovenia-convention.com\/sl\/wp-json\/wp\/v2\/tags?post=3525"}],"curies":[{"name":"wp","href":"https:\/\/api.w.org\/{rel}","templated":true}]}}