{"id":3799,"date":"2015-12-14T16:44:02","date_gmt":"2015-12-14T16:44:02","guid":{"rendered":"http:\/\/www.slovenia-convention.com\/?p=3799"},"modified":"2015-12-21T08:58:12","modified_gmt":"2015-12-21T08:58:12","slug":"geopark-idrija-uvrscen-med-unesco-globalne-geoparke","status":"publish","type":"post","link":"https:\/\/www.slovenia-convention.com\/sl\/geopark-idrija-uvrscen-med-unesco-globalne-geoparke\/","title":{"rendered":"Geopark Idrija uvr\u0161\u010den med UNESCO globalne geoparke"},"content":{"rendered":"<p>17. novembra 2015 je <strong>Generalna konferenca Unesco v Parizu<\/strong> na svojem 38. zasedanju <strong>odobrila statut in smernice novega mednarodnega programa IGGP<\/strong> (International Geoscience and Geoparks Programme) in ustanovitev UNESCO Globalnih geoparkov znotraj tega programa. S to odlo\u010ditvijo je geoparke obstoje\u010de Globalne mre\u017ee geoparkov (GGN), kamor sodi tudi <strong>Geopark Idrija<\/strong>, neposredno vklju\u010dila v novoustanovljeni Unesco program, <strong>idrijski geopark pa je postal UNESCO globalni geopark<\/strong>. <\/p>\n<p>Po letu 2012, ko je bila \u00bbDedi\u0161\u010dina \u017eivega srebra Almaden in Idrija\u00ab vpisana na Unescov Seznam svetovne dedi\u0161\u010dine, je z novembrsko odlo\u010ditvijo Unesca \u017ee drugi\u010d priznal idrijski dedi\u0161\u010dini, tokrat geolo\u0161ki, svetovni pomen. Zaradi svoje dragocenosti je idrijska dedi\u0161\u010dina tako le v nekaj letih po dveh razli\u010dnih poteh vstopila pod neposredno za\u0161\u010dito Unesca, kar je za obmo\u010dje celotne idrijske ob\u010dine izjemna \u010dast, prilo\u017enost za razvoj trajnostnega geoturizma in hkrati odgovornost, da to dedi\u0161\u010dino ohranimo tudi za prihodnje generacije.<\/p>\n<p>Ve\u010d v <a href=\"http:\/\/www.slovenia.info\/pictures\/newspaper\/atachments_1\/2015\/Sporo\u00c4\u0164ilo_za_javnost_Geopark_Idrija_je_UNESCO_geopark_(2)_20617.pdf\" target=\"_blank\">sporo\u010dilu za javnost Slovenske turisti\u010dne organizacije <\/a> in v <a href=\"http:\/\/www.slovenia.info\/pictures\/newspaper\/atachments_1\/2015\/Idrija_in_UNESCO_dodatno_gradivo_20618.pdf\" target=\"_blank\">dodatnem gradivu<\/a>.<\/p>\n","protected":false},"excerpt":{"rendered":"<p>17. novembra 2015 je Generalna konferenca Unesco v Parizu na svojem 38. zasedanju odobrila statut in smernice novega mednarodnega programa IGGP (International Geoscience and Geoparks Programme) in ustanovitev UNESCO Globalnih geoparkov znotraj tega programa. S to odlo\u010ditvijo je geoparke obstoje\u010de Globalne mre\u017ee geoparkov (GGN), kamor sodi tudi Geopark Idrija, neposredno vklju\u010dila v novoustanovljeni Unesco program, [&hellip;]<\/p>\n","protected":false},"author":3,"featured_media":3802,"comment_status":"closed","ping_status":"open","sticky":false,"template":"","format":"standard","meta":{"_acf_changed":false,"footnotes":""},"categories":[27],"tags":[361,135,362],"class_list":{"0":"post-3799","1":"post","2":"type-post","3":"status-publish","4":"format-standard","5":"has-post-thumbnail","7":"category-novice-urada","8":"tag-geopark-idrija","9":"tag-slovenija","10":"tag-unesco-sl"},"acf":[],"_links":{"self":[{"href":"https:\/\/www.slovenia-convention.com\/sl\/wp-json\/wp\/v2\/posts\/3799","targetHints":{"allow":["GET"]}}],"collection":[{"href":"https:\/\/www.slovenia-convention.com\/sl\/wp-json\/wp\/v2\/posts"}],"about":[{"href":"https:\/\/www.slovenia-convention.com\/sl\/wp-json\/wp\/v2\/types\/post"}],"author":[{"embeddable":true,"href":"https:\/\/www.slovenia-convention.com\/sl\/wp-json\/wp\/v2\/users\/3"}],"replies":[{"embeddable":true,"href":"https:\/\/www.slovenia-convention.com\/sl\/wp-json\/wp\/v2\/comments?post=3799"}],"version-history":[{"count":0,"href":"https:\/\/www.slovenia-convention.com\/sl\/wp-json\/wp\/v2\/posts\/3799\/revisions"}],"wp:featuredmedia":[{"embeddable":true,"href":"https:\/\/www.slovenia-convention.com\/sl\/wp-json\/wp\/v2\/media\/3802"}],"wp:attachment":[{"href":"https:\/\/www.slovenia-convention.com\/sl\/wp-json\/wp\/v2\/media?parent=3799"}],"wp:term":[{"taxonomy":"category","embeddable":true,"href":"https:\/\/www.slovenia-convention.com\/sl\/wp-json\/wp\/v2\/categories?post=3799"},{"taxonomy":"post_tag","embeddable":true,"href":"https:\/\/www.slovenia-convention.com\/sl\/wp-json\/wp\/v2\/tags?post=3799"}],"curies":[{"name":"wp","href":"https:\/\/api.w.org\/{rel}","templated":true}]}}