{"id":4576,"date":"2016-04-26T08:13:52","date_gmt":"2016-04-26T08:13:52","guid":{"rendered":"http:\/\/www.slovenia-convention.com\/sl\/?p=4576"},"modified":"2016-04-26T08:13:52","modified_gmt":"2016-04-26T08:13:52","slug":"trzenjski-projekt-i-feel-25","status":"publish","type":"post","link":"https:\/\/www.slovenia-convention.com\/sl\/trzenjski-projekt-i-feel-25\/","title":{"rendered":"Tr\u017eenjski projekt \u201cI Feel 25\u201d"},"content":{"rendered":"<p>Spo\u0161tovani \u010dlani,<\/p>\n<p>z veseljem vam predstavljamo nov promocijski projekt Kongresnega urada Slovenije z nazivom \u201cI Feel 25\u201d. Ob praznovanju 25-letnice samostojnosti na\u0161e dr\u017eave bomo mednarodno poslovno okolje nagovorili na druga\u010den, inovativen na\u010din in tako pove\u010dali interes za Slovenijo. Poudarek komunikacije bo na komuniciranju v digitalnem okolju. Mednarodnemu ciljnemu segmentu na podro\u010dju MICE dejavnosti bomo ponudili tudi novost, \u201cMake Your Own Fam Trip\u201d, kar bo omogo\u010dilo, da bodo tuji organizatorji poslovnih sre\u010danj in dogodkov sami raziskovali Slovenijo.\u00a0Vsebine projekta bodo distribuirane tudi preko komunikacijskih kanalov Slovenske turisti\u010dne organizacije ter Urada vlade RS za komuniciranje.<\/p>\n<p>Prijazno vabljeni, da si preberete predstavitev projekta in se aktivno vklju\u010dite.\u00a0<\/p>\n<p><strong>Tr\u017eenjski projekt \u201cI Feel 25\u201d<\/strong><\/p>\n<p>Slovenija letos praznuje 25. obletnico samostojnosti, ki predstavlja odli\u010dno navezavo za mednarodno promocijo Slovenije na podro\u010dju poslovnih sre\u010danj. Gre za tr\u017eenjski projekt, pri katerem se bo skozi <strong>25 zgodb \u201cI Feel 25\u201d<\/strong> tkala nit <strong>slovenske energije<\/strong>, ki temelji na ljudeh \u2013 izvajalcih storitev in skozi vrednote blagovne znamke Slovenia Meetings \u2013 gostoljubje, osebni odnos, timski duh in avtenti\u010dnost.<\/p>\n<p>Rde\u010da nit projekta je mednarodnim organizatorjem poslovnih sre\u010danj in dogodkov ponuditi 25 razlogov za organizacijo svojih dogodkov v Sloveniji. Kongresni urad Slovenije bo preko celega leta pripravljal in objavljal zgodbe, ki bodo Slovenijo predstavljale skozi razli\u010dna podro\u010dja \u2013 znanost, gospodarstvo, zgodovino, umetnost, naravno in kulturno dedi\u0161\u010dino, okolje, \u0161port, kulinariko, trajnost, diverziteto, \u017eenske, uspe\u0161ne osebnosti in druge mednarodno zanimive vsebine za ciljni segment mednarodnega poslovnega okolja. <\/p>\n<p>S projektom, ki bo trajal od aprila do konca leta nagovarjamo predvsem milenijsko generacijo organizatorjev poslovnih sre\u010danj in dogodkov ter organizatorje dogodkov, ki \u017eelijo spoznati in organizirati poslovna sre\u010danja in dogodke na novi, sve\u017ei, buti\u010dni in nekonvencionalni destinaciji.<\/p>\n<p>Zgodbe bodo objavljene na na\u0161i spletni strani <a href=\"http:\/\/www.slovenia-convention.com\" target=\"_blank\">www.slovenia-convention.com<\/a>, v rubriki &#8220;I Feel 25&#8221; in <strong>dru\u017ebenih omre\u017ejih<\/strong> (Twitter: @SloMeetings, Facebook: SloveniaMeetings in  Instagram: Slovenia Meetings). Izbrane zgodbe bodo distribuirane tudi preko spletnih komunikacijskih kanalov STO (spletna stran, dru\u017ebena omre\u017eja) in portalov www.slovenia.si ter www.slovenia25.si, ki ju upravlja UKOM. Zgodbe bodo vklju\u010dene tudi v e-mese\u010dnik Kongresnega urada Slovenije, ki se po\u0161ilja na bazo 20.000 e-naslovov. <\/p>\n<p>Pri komunikaciji v digitalnem okolju se uporablja oznaka <strong>#ifeel25<\/strong>. <\/p>\n<p>Z namenom ve\u010dje prepoznavnosti Slovenije skozi projekt \u201cI Feel 25\u201d, smo zasnovali tudi <strong>logotip<\/strong> v skladu s krovno znamko \u201cI FEEL SLOVENIA\u201d. Vabimo vas, da tudi vi uporabljate znak skozi celo leto na svojih komunikacijskih kanalih in orodjih (spletna stran, dru\u017ebena omre\u017eja, e-podpis itd.). Za pridobitev logotipa v ustreznih formatih prosimo pi\u0161ite na jasna.jasic@slovenia-convention.com. <\/p>\n<p>Tr\u017eenjski projekt bo poleg digitalnih komunikacijskih kanalov vseboval tudi aktivnosti, ki bodo nadgrajene z osebnimi izku\u0161njami. <\/p>\n<p>Ena izmed novosti bo interaktivna spletna nagradna igra <strong>\u201cI Feel 25 \u2013 MICE MasterMind Challenge\u201d<\/strong>, ki se bo odvijala v sklopu mednarodnih borz IMEX, The Meetings Show in IBTM World. Inovativna igra bo s kviz vpra\u0161anji na temo Slovenije, mednarodnih zdru\u017eenj, zgodovine MICE dejavnosti, MICE \u017eargona in nekaj naklju\u010dnih vpra\u0161anj. Spletna igra bo vzpostavila lestvico najbolj\u0161ih in tako omogo\u010dila spro\u0161\u010deno tekmovanje med udele\u017eenci. Skozi pravilno odgovarjanje na vpra\u0161anja, igralec prehaja na vse vi\u0161jo raven, skupno je 5 ravni. Z igrifikacijo se bomo predstavili na bolj sve\u017e in inovatinen na\u010din, udele\u017eenci bodo dobili zanimive informacije o Sloveniji. Na ta na\u010din bomo obiskovalce zadr\u017eali dlje \u010dasa na stojnici ter s tem imeli mo\u017enost opraviti ve\u010d pogovorov. Metoda igrifikacije hkrati omogo\u010da odli\u010dno promocijo preko dru\u017ebenih omre\u017eij in posledi\u010dno ustvarjanja viralnega u\u010dinka. <\/p>\n<p>Nadgradnja osebnih izku\u0161enj bo omogo\u010dena tudi v sklopu predstavitvenih delavnic (workshops), ki jih bomo izvedli na na\u0161ih primarnih trgih. Prvo delavnico smo izvedli v Parizu, 24. marca, naslednjo na\u010drtujemo v Zuerichu 31. maja, nato sledi Muenchen, 5. julija in na koncu \u0161e Bruselj, ki bo v jesenskem \u010dasu.  Informacije in prijavnico za delavnice v Zuerichu, Muenchnu in Bruslju vam bomo posredovali posebej. Pri vseh predstavitvenih delavnicah smo in pripravljamo vsebinske nadgradnje, da privabimo najbolj kakovostne poslovne goste in naredimo najbolj\u0161o mo\u017eno predstavitev Slovenije na ciljnih trgih.<\/p>\n<p>Pomembna nadgradnja osebnih izku\u0161enj so tudi \u0161tudijski obiski mednarodnih klientov. Kot novost bomo mednarodnemu trgu ponudili mo\u017enost izvedbe samostojnega \u0161tudijskega obiska Slovenije <em><strong>\u201cMake Your Own Fam Trip\u201d<\/strong><\/em>. Namen je, da si klient v dogovoru z destinacijo in sodelujo\u010dimi \u010dlani, po lastnih \u017eeljah in preferencah pripravi ter izvede \u0161tudijski program. S tem bomo klientom in trgu omogo\u010dili da v \u017eelenem \u010dasu izkusijo tisto, kar si sami najbolj \u017eelijo, na posamezni destinaciji ali ve\u010d njih.<\/p>\n<p>Dol\u017eina obiska bo dva do \u0161tiri dni. Na\u010drtujemo, da bi klienti obiskali vsaj dve, pri dalj\u0161em bivanju tri in ve\u010d destinacij. Nastanitev, obiski, gostinske storitve in ogledi bi bili predhodno usklajeni med klientom in sodelujo\u010dimi \u010dlani ter partnerji. Predhodno koordinacijo bo izvajal Kongresni urad Slovenije. <\/p>\n<p>Klient bo na letali\u0161\u010du prevzel osebno vozilo in ga tam po kon\u010dani turi tudi vrnil. Skupine bodo \u0161tele od minimalno ene osebe do maksimalno \u0161tirih oseb. Letos bomo izvajali tovrstne \u0161tudijske obiske poskusno, zato jih na\u010drtujemo najve\u010d \u0161tiri. V kolikor bodo prinesli ustrezne multiplikativne u\u010dinke, jih bomo lahko prihodnje leto ciljnim trgom ponudili ve\u010d.<\/p>\n<p>\u0160tudijske obiske bomo promovirali preko na\u0161ih 25-ih zgodb in na na\u0161ih \u017ee ustaljenih komunikacijskih kanalih (spletna stran, e-mese\u010dniki, dru\u017ebena omre\u017eja, follow-upi v sklopu poslovnih borz in predstavitvenih delavnic). Skupaj z gostujo\u010do destinacijo bomo potrdili le najbolj kakovostne in potencialne kliente. Gostujo\u010di klienti bodo kot del svojih obveznosti, v \u010dasu \u0161tudijskega obiska delili svoje izku\u0161nje na dru\u017ebenih omre\u017ejih in na koncu napisali blog, ki bi ga objavili ter delili preko na\u0161ih komunikacijskih kanalov. <\/p>\n<p>Celotni stro\u0161ki izvedbe \u0161tudijskega programa so v domeni destinacije in gostujo\u010dih ter sodelujo\u010dih partnerjev. Kongresni urad Slovenije bo pri vsakem \u0161tudijskem obisku financiral najve\u010d dve letalski karti na letih letalskega prevoznika Adria Airways. <\/p>\n<p>Sodelujo\u010di \u010dlani boste dodatno promovirani v sklopu projekta \u201cI Feel 25\u201d na na\u0161i spletni strani, v rubriki &#8220;I Feel 25&#8221; in v sklopu promocije \u201cMake Your Own Fam Trip\u201d, ki bodo predstavljeni v na\u0161ih komunikacijah.<\/p>\n<p>Za vsa vpra\u0161anja smo vam z veseljem na voljo.<\/p>\n<p>Veselimo se mednarodnemu trgu ponuditi novost tudi na tem podro\u010dju!<\/p>\n<p><strong>Kongresni urad Slovenije<\/strong><br \/>\nVo\u0161njakova ulica 1, 1000 Ljubljana<\/p>\n","protected":false},"excerpt":{"rendered":"<p>Spo\u0161tovani \u010dlani, z veseljem vam predstavljamo nov promocijski projekt Kongresnega urada Slovenije z nazivom \u201cI Feel 25\u201d. Ob praznovanju 25-letnice samostojnosti na\u0161e dr\u017eave bomo mednarodno poslovno okolje nagovorili na druga\u010den, inovativen na\u010din in tako pove\u010dali interes za Slovenijo. Poudarek komunikacije bo na komuniciranju v digitalnem okolju. Mednarodnemu ciljnemu segmentu na podro\u010dju MICE dejavnosti bomo ponudili [&hellip;]<\/p>\n","protected":false},"author":2,"featured_media":4408,"comment_status":"closed","ping_status":"open","sticky":false,"template":"","format":"standard","meta":{"_acf_changed":false,"footnotes":""},"categories":[2],"tags":[],"class_list":{"0":"post-4576","1":"post","2":"type-post","3":"status-publish","4":"format-standard","5":"has-post-thumbnail","7":"category-zku"},"acf":[],"_links":{"self":[{"href":"https:\/\/www.slovenia-convention.com\/sl\/wp-json\/wp\/v2\/posts\/4576","targetHints":{"allow":["GET"]}}],"collection":[{"href":"https:\/\/www.slovenia-convention.com\/sl\/wp-json\/wp\/v2\/posts"}],"about":[{"href":"https:\/\/www.slovenia-convention.com\/sl\/wp-json\/wp\/v2\/types\/post"}],"author":[{"embeddable":true,"href":"https:\/\/www.slovenia-convention.com\/sl\/wp-json\/wp\/v2\/users\/2"}],"replies":[{"embeddable":true,"href":"https:\/\/www.slovenia-convention.com\/sl\/wp-json\/wp\/v2\/comments?post=4576"}],"version-history":[{"count":0,"href":"https:\/\/www.slovenia-convention.com\/sl\/wp-json\/wp\/v2\/posts\/4576\/revisions"}],"wp:featuredmedia":[{"embeddable":true,"href":"https:\/\/www.slovenia-convention.com\/sl\/wp-json\/wp\/v2\/media\/4408"}],"wp:attachment":[{"href":"https:\/\/www.slovenia-convention.com\/sl\/wp-json\/wp\/v2\/media?parent=4576"}],"wp:term":[{"taxonomy":"category","embeddable":true,"href":"https:\/\/www.slovenia-convention.com\/sl\/wp-json\/wp\/v2\/categories?post=4576"},{"taxonomy":"post_tag","embeddable":true,"href":"https:\/\/www.slovenia-convention.com\/sl\/wp-json\/wp\/v2\/tags?post=4576"}],"curies":[{"name":"wp","href":"https:\/\/api.w.org\/{rel}","templated":true}]}}