{"id":4865,"date":"2016-05-20T12:46:45","date_gmt":"2016-05-20T12:46:45","guid":{"rendered":"http:\/\/www.slovenia-convention.com\/sl\/?p=4865"},"modified":"2016-05-20T12:46:45","modified_gmt":"2016-05-20T12:46:45","slug":"junija-se-bo-v-ljubljani-zvrstilo-14-mednarodnih-dogodkov","status":"publish","type":"post","link":"https:\/\/www.slovenia-convention.com\/sl\/junija-se-bo-v-ljubljani-zvrstilo-14-mednarodnih-dogodkov\/","title":{"rendered":"Junija se bo v Ljubljani zvrstilo 14 mednarodnih dogodkov"},"content":{"rendered":"<p><strong>V mesecu juniju bodo na\u0161o prestolnico zapolnili \u0161tevilni udele\u017eenci mednarodnih konferenc, kongresov in evropskega foruma. V Ljubljani se bo tako sre\u010dalo okoli 3.700 delegatov iz najrazli\u010dnej\u0161ih strok kot so arhitektura, ogla\u0161evanje, tekstil, politi\u010dne znanosti, veterina, fizika, informacijski sistemi, socialna varnost ter izobra\u017eevanje.<\/strong><\/p>\n<p><strong>Konference tudi v znamenju Zelene Ljubljane<\/strong><\/p>\n<p>Veseli nas, da so organizatorji Mednarodne znanstvene konference o sodobnih izzivih mednarodnega okoljskega prava in organizatorji Evropskega foruma za urbano gozdarstvo (EFUF 2016) svojo tematiko navezali na Ljubljano kot Zeleno prestolnico Evrope 2016. Slednji pa so presenetili in naredili tekmovanje za najbolj\u0161i blog na temo urbanega gozdarstva in s tem \u0161e pred samim dogodkom pridobili\u00a0veliko zanimivih prispevkov.<\/p>\n<p><strong>\u010cipkarski kongres bo v juniju pripeljal najve\u010d udele\u017eencev iz celega sveta<\/strong><\/p>\n<p>Ljubljana bo od 24. do 26. junija 2016 gostila 17. svetovni kongres OIDFE \u2013 Mednarodne organizacije za klekljano in \u0161ivano \u010dipko, na katerem organizatorji pri\u010dakujejo okoli 800 registriranih udele\u017eencev. Glavni program bo potekal na Gospodarskem razstavi\u0161\u010du, vse od 20. junija pa do 2. julija pa si bo mogo\u010de ogledati celo\u00a0vrsto \u010dipkarskih razstav\u00a0v Ljubljani in po razli\u010dnih slovenskih klekljarskih sredi\u0161\u010dih.<\/p>\n<p><strong>Ljubljanska prizori\u0161\u010da dogodkov<\/strong><\/p>\n<p>Udele\u017eenci vseh 14 dogodkov bodo svoje znanje in izku\u0161nje delili na razli\u010dnih ljubljanskih prizori\u0161\u010dih s konferen\u010dnimi kapacitetami, ki si jih lahko ogledate na\u00a0<a href=\"https:\/\/www.visitljubljana.com\/sl\/kongresni-urad-ljubljane\/nacrtovanje-dogodkov\/nastanitvene-zmogljivosti\/\" target=\"_blank\">spletni strani<\/a>\u00a0Kongresnega urada Ljubljana, kjer je na voljo tudi\u00a0<a href=\"https:\/\/www.visitljubljana.com\/sl\/kongresni-urad-ljubljane\/koledar-dogodkov\/\" target=\"_blank\">kongresni koledar<\/a>\u00a0za prihajajo\u010de mendarodne dogodke.<\/p>\n<p><em>Kongresni urad Ljubljana<\/em><\/p>\n","protected":false},"excerpt":{"rendered":"<p>V mesecu juniju bodo na\u0161o prestolnico zapolnili \u0161tevilni udele\u017eenci mednarodnih konferenc, kongresov in evropskega foruma. V Ljubljani se bo tako sre\u010dalo okoli 3.700 delegatov iz najrazli\u010dnej\u0161ih strok kot so arhitektura, ogla\u0161evanje, tekstil, politi\u010dne znanosti, veterina, fizika, informacijski sistemi, socialna varnost ter izobra\u017eevanje. Konference tudi v znamenju Zelene Ljubljane Veseli nas, da so organizatorji Mednarodne znanstvene [&hellip;]<\/p>\n","protected":false},"author":2,"featured_media":4866,"comment_status":"closed","ping_status":"open","sticky":false,"template":"","format":"standard","meta":{"_acf_changed":false,"footnotes":""},"categories":[30,32],"tags":[492,399,203],"class_list":{"0":"post-4865","1":"post","2":"type-post","3":"status-publish","4":"format-standard","5":"has-post-thumbnail","7":"category-koledar","8":"category-novice-clanov","9":"tag-koledar","10":"tag-kongresni-urad-ljubljana","11":"tag-ljubljana-sl"},"acf":[],"_links":{"self":[{"href":"https:\/\/www.slovenia-convention.com\/sl\/wp-json\/wp\/v2\/posts\/4865","targetHints":{"allow":["GET"]}}],"collection":[{"href":"https:\/\/www.slovenia-convention.com\/sl\/wp-json\/wp\/v2\/posts"}],"about":[{"href":"https:\/\/www.slovenia-convention.com\/sl\/wp-json\/wp\/v2\/types\/post"}],"author":[{"embeddable":true,"href":"https:\/\/www.slovenia-convention.com\/sl\/wp-json\/wp\/v2\/users\/2"}],"replies":[{"embeddable":true,"href":"https:\/\/www.slovenia-convention.com\/sl\/wp-json\/wp\/v2\/comments?post=4865"}],"version-history":[{"count":0,"href":"https:\/\/www.slovenia-convention.com\/sl\/wp-json\/wp\/v2\/posts\/4865\/revisions"}],"wp:featuredmedia":[{"embeddable":true,"href":"https:\/\/www.slovenia-convention.com\/sl\/wp-json\/wp\/v2\/media\/4866"}],"wp:attachment":[{"href":"https:\/\/www.slovenia-convention.com\/sl\/wp-json\/wp\/v2\/media?parent=4865"}],"wp:term":[{"taxonomy":"category","embeddable":true,"href":"https:\/\/www.slovenia-convention.com\/sl\/wp-json\/wp\/v2\/categories?post=4865"},{"taxonomy":"post_tag","embeddable":true,"href":"https:\/\/www.slovenia-convention.com\/sl\/wp-json\/wp\/v2\/tags?post=4865"}],"curies":[{"name":"wp","href":"https:\/\/api.w.org\/{rel}","templated":true}]}}