{"id":4871,"date":"2016-05-23T11:45:57","date_gmt":"2016-05-23T11:45:57","guid":{"rendered":"http:\/\/www.slovenia-convention.com\/sl\/?p=4871"},"modified":"2016-05-23T12:01:36","modified_gmt":"2016-05-23T12:01:36","slug":"city-hotel-ljubljana-pise-novo-zgodbo","status":"publish","type":"post","link":"https:\/\/www.slovenia-convention.com\/sl\/city-hotel-ljubljana-pise-novo-zgodbo\/","title":{"rendered":"City hotel Ljubljana pi\u0161e novo zgodbo"},"content":{"rendered":"<p><strong>V mesecu maju\u00a0je ekipa City hotela Ljubljana\u00a0na Dnevu odprtih vrat povabljencem predstavila novo dvorano \u00bbNad mestom\u00ab in prenovljene hotelske sobe, ki s serijo \u010drno-belih fotografij ustvarijo \u010darobne utrinke Ljubljane.<\/strong><\/p>\n<blockquote><p>Z namenom popolne posodobitve starej\u0161ih hotelskih sob so v letu 2015 pri\u010deli s popolno prenovo in kot pravi\u00a0<strong>direktorica tr\u017eenja in prodaje, Tina Mo\u017eina<\/strong>: \u00bbPrilo\u017enost za razvoj vidimo v na\u0161i zgodovini, saj nas dru\u017einsko lastni\u0161tvo in prisotnost hotela \u017ee vse od leta 1903 tesno povezujeta z na\u0161im glavnim mestom. Pri prenovi hotela smo \u017eeleli to vez poudariti in ohraniti na\u0161o tradicijo. V \u017eelji, da ulovimo skrite, druga\u010dne poglede Ljubljane, ki bodo gosta zabavali, ga navdu\u0161ili in ga spodbudili k nadaljnjemu raziskovanju na\u0161ega mesta, smo se povezali s priznanim ljubljanskim<strong>\u00a0fotografom \u017digo Koritnikom<\/strong>. \u010crno bele stenske foto tapete tako zgovorno in ponosno prikazujejo na\u0161o skupno zgodbo, zgodbo &#8216;<strong>&#8216;City within the City.&#8221;<\/strong>\u00ab<\/p><\/blockquote>\n<p>Dogodek se je pri\u010del v novi dvorani <strong>\u00bbNad mestom\u00ab<\/strong>, kjer so gostje lahko ob\u010dudovali enkraten\u00a0razgled na Ljubljanski grad in naredili fotografijo za spomin. Po kratkem dru\u017eenju so si ogledali prenovljene hotelske sobe v enem od sedmih nadstropij, sre\u010danje pa nadaljevali v CITY konferen\u010dnem centru, kjer je goste pozdravil\u00a0<strong>direktor <a href=\"https:\/\/www.cityhotel.si\/sl\/index.xhtml\" target=\"_blank\">City hotela Ljubljana<\/a>, Peter Su\u0161nik<\/strong>. Prijetno dru\u017eenje se je nadaljevalo ob izvrstni kulinariki, pripravljeni po navdihu Okusov Ljubljane in ob spremljavi odli\u010dnega glasbenega dueta Jaka Aha\u010dev\u010di\u010d in Gregor Fti\u010dar.<\/p>\n","protected":false},"excerpt":{"rendered":"<p>V mesecu maju\u00a0je ekipa City hotela Ljubljana\u00a0na Dnevu odprtih vrat povabljencem predstavila novo dvorano \u00bbNad mestom\u00ab in prenovljene hotelske sobe, ki s serijo \u010drno-belih fotografij ustvarijo \u010darobne utrinke Ljubljane. Z namenom popolne posodobitve starej\u0161ih hotelskih sob so v letu 2015 pri\u010deli s popolno prenovo in kot pravi\u00a0direktorica tr\u017eenja in prodaje, Tina Mo\u017eina: \u00bbPrilo\u017enost za razvoj [&hellip;]<\/p>\n","protected":false},"author":2,"featured_media":4878,"comment_status":"closed","ping_status":"open","sticky":false,"template":"","format":"standard","meta":{"_acf_changed":false,"footnotes":""},"categories":[32],"tags":[493,203],"class_list":{"0":"post-4871","1":"post","2":"type-post","3":"status-publish","4":"format-standard","5":"has-post-thumbnail","7":"category-novice-clanov","8":"tag-city-hotel-ljubljana","9":"tag-ljubljana-sl"},"acf":[],"_links":{"self":[{"href":"https:\/\/www.slovenia-convention.com\/sl\/wp-json\/wp\/v2\/posts\/4871","targetHints":{"allow":["GET"]}}],"collection":[{"href":"https:\/\/www.slovenia-convention.com\/sl\/wp-json\/wp\/v2\/posts"}],"about":[{"href":"https:\/\/www.slovenia-convention.com\/sl\/wp-json\/wp\/v2\/types\/post"}],"author":[{"embeddable":true,"href":"https:\/\/www.slovenia-convention.com\/sl\/wp-json\/wp\/v2\/users\/2"}],"replies":[{"embeddable":true,"href":"https:\/\/www.slovenia-convention.com\/sl\/wp-json\/wp\/v2\/comments?post=4871"}],"version-history":[{"count":0,"href":"https:\/\/www.slovenia-convention.com\/sl\/wp-json\/wp\/v2\/posts\/4871\/revisions"}],"wp:featuredmedia":[{"embeddable":true,"href":"https:\/\/www.slovenia-convention.com\/sl\/wp-json\/wp\/v2\/media\/4878"}],"wp:attachment":[{"href":"https:\/\/www.slovenia-convention.com\/sl\/wp-json\/wp\/v2\/media?parent=4871"}],"wp:term":[{"taxonomy":"category","embeddable":true,"href":"https:\/\/www.slovenia-convention.com\/sl\/wp-json\/wp\/v2\/categories?post=4871"},{"taxonomy":"post_tag","embeddable":true,"href":"https:\/\/www.slovenia-convention.com\/sl\/wp-json\/wp\/v2\/tags?post=4871"}],"curies":[{"name":"wp","href":"https:\/\/api.w.org\/{rel}","templated":true}]}}