{"id":5451,"date":"2016-08-02T12:56:03","date_gmt":"2016-08-02T12:56:03","guid":{"rendered":"http:\/\/www.slovenia-convention.com\/sl\/?p=5451"},"modified":"2016-08-01T12:59:17","modified_gmt":"2016-08-01T12:59:17","slug":"s-paviljonom-z-expa-v-murski-soboti-nadaljevanje-uspesne-promocije-slovenije","status":"publish","type":"post","link":"https:\/\/www.slovenia-convention.com\/sl\/s-paviljonom-z-expa-v-murski-soboti-nadaljevanje-uspesne-promocije-slovenije\/","title":{"rendered":"S paviljonom z Expa v Murski Soboti nadaljevanje uspe\u0161ne promocije Slovenije"},"content":{"rendered":"<p><strong>Predsednik Vlade Republike Slovenije dr. Miro Cerar in minister za gospodarski razvoj in tehnologijo Zdravko Po\u010dival\u0161ek sta v petek, 29. julija,\u00a0simboli\u010dno predala paviljon, s katerim se je Slovenija lani predstavljala na razstavi Expo v Milanu, v upravljanje Mestni ob\u010dini Murska Sobota. Oba sta prepri\u010dana, da se bo s tem nadaljevala uspe\u0161na promocija Slovenije tudi v prihodnje.<br \/>\n<\/strong><br \/>\n<em>&#8220;Expo 2015 je bil za Slovenijo velik uspeh, saj smo s tem paviljonom presegli vsa pri\u010dakovanja. To je bila zgodba o uspehu,&#8221;<\/em> je na slovesnosti ob zemlji\u0161\u010du, kjer bo stal paviljon, povedal premier Cerar. Spomnil je, da je paviljon v Milanu obiskalo ve\u010d kot milijon ljudi, videlo pa ga je ve\u010d kot 20 milijonov. <em>&#8220;Odprlo se nam je okno v svet in ko ste tako domiselno poimenovali svoj projekt Vrata v Pomurje, kar pomeni tudi Vrata v Slovenijo, sem tega \u0161e bolj vesel. Gre za odli\u010den arhitekturni dose\u017eek, ki je dosegel sama pozitivna priznanja v mednarodnem merilu, in zdaj ga boste Pomurci lahko uporabili kot sti\u010di\u0161\u010de za kulturno, turisti\u010dno, gospodarsko in sicer\u0161nje sre\u010devanje, da se \u0161e nadalje razvijate in spodbujate zdrav optimizem,&#8221;<\/em> je izpostavil premier.<\/p>\n<p><em>&#8220;V roke vam izro\u010damo ponos Slovenije,&#8221;<\/em> je dodal Po\u010dival\u0161ek, ki ne dvomi, da bo regija znala to prilo\u017enost izkoristiti in paviljon postaviti v najkraj\u0161em mo\u017enem \u010dasu. Stal pa naj bi na sedanjem kmetijskem zemlji\u0161\u010du ob pomurski avtocesti ter Sobo\u0161kem jezeru.<\/p>\n<p>Za leseni paviljon so se potegovale sicer \u0161e ob\u010dine Ajdov\u0161\u010dina, Ko\u010devje, Ptuj in Zagorje ob Savi, Mursko Soboto pa so, kot je pojasnil minister Po\u010dival\u0161ek, izbrali, ker je zelo dobro pripravila projekt in \u017ee zagotovila potrebno zemlji\u0161\u010de in denar, hkrati pa v to vklju\u010duje tudi druge pomurske ob\u010dine in se \u010dezmejno povezuje.<em> &#8220;Ne gre namre\u010d za projekt Murske Sobote, ampak celotne regije,&#8221;<\/em> je dodal.<\/p>\n<p><a href=\"http:\/\/www.ukom.gov.si\" target=\"_blank\"><em>UKOM<\/em><\/a><\/p>\n","protected":false},"excerpt":{"rendered":"<p>Predsednik Vlade Republike Slovenije dr. Miro Cerar in minister za gospodarski razvoj in tehnologijo Zdravko Po\u010dival\u0161ek sta v petek, 29. julija,\u00a0simboli\u010dno predala paviljon, s katerim se je Slovenija lani predstavljala na razstavi Expo v Milanu, v upravljanje Mestni ob\u010dini Murska Sobota. Oba sta prepri\u010dana, da se bo s tem nadaljevala uspe\u0161na promocija Slovenije tudi v [&hellip;]<\/p>\n","protected":false},"author":2,"featured_media":2627,"comment_status":"closed","ping_status":"open","sticky":false,"template":"","format":"standard","meta":{"_acf_changed":false,"footnotes":""},"categories":[27],"tags":[145,595,596,135],"class_list":{"0":"post-5451","1":"post","2":"type-post","3":"status-publish","4":"format-standard","5":"has-post-thumbnail","7":"category-novice-urada","8":"tag-expo","9":"tag-expo-milano","10":"tag-promocija","11":"tag-slovenija"},"acf":[],"_links":{"self":[{"href":"https:\/\/www.slovenia-convention.com\/sl\/wp-json\/wp\/v2\/posts\/5451","targetHints":{"allow":["GET"]}}],"collection":[{"href":"https:\/\/www.slovenia-convention.com\/sl\/wp-json\/wp\/v2\/posts"}],"about":[{"href":"https:\/\/www.slovenia-convention.com\/sl\/wp-json\/wp\/v2\/types\/post"}],"author":[{"embeddable":true,"href":"https:\/\/www.slovenia-convention.com\/sl\/wp-json\/wp\/v2\/users\/2"}],"replies":[{"embeddable":true,"href":"https:\/\/www.slovenia-convention.com\/sl\/wp-json\/wp\/v2\/comments?post=5451"}],"version-history":[{"count":0,"href":"https:\/\/www.slovenia-convention.com\/sl\/wp-json\/wp\/v2\/posts\/5451\/revisions"}],"wp:featuredmedia":[{"embeddable":true,"href":"https:\/\/www.slovenia-convention.com\/sl\/wp-json\/wp\/v2\/media\/2627"}],"wp:attachment":[{"href":"https:\/\/www.slovenia-convention.com\/sl\/wp-json\/wp\/v2\/media?parent=5451"}],"wp:term":[{"taxonomy":"category","embeddable":true,"href":"https:\/\/www.slovenia-convention.com\/sl\/wp-json\/wp\/v2\/categories?post=5451"},{"taxonomy":"post_tag","embeddable":true,"href":"https:\/\/www.slovenia-convention.com\/sl\/wp-json\/wp\/v2\/tags?post=5451"}],"curies":[{"name":"wp","href":"https:\/\/api.w.org\/{rel}","templated":true}]}}