{"id":74,"date":"2015-02-13T10:35:54","date_gmt":"2015-02-13T10:35:54","guid":{"rendered":"http:\/\/scb.balavec.com\/?p=74"},"modified":"2015-02-13T10:35:54","modified_gmt":"2015-02-13T10:35:54","slug":"srecanje-z-veleposlaniki-na-brdu-pri-kranju","status":"publish","type":"post","link":"https:\/\/www.slovenia-convention.com\/sl\/srecanje-z-veleposlaniki-na-brdu-pri-kranju\/","title":{"rendered":"Sre\u010danje z veleposlaniki na Brdu pri Kranju"},"content":{"rendered":"<p>V za\u010detku januarja 2015 so se devetnajsti\u010d zapored za skupno mizo usedli slovenski veleposlaniki, drugi visoki diplomati in vodstvo zunanjega ministrstva. V ospredju trodnevnega posveta na Brdu pri Kranju sta bila gospodarska diplomacija in vloga Slovenije v svetu. <\/p>\n<p>Ve\u010dernega sprejema se je udele\u017eil tudi direktor Kongresnega urada Slovenije Miha Kova\u010di\u010d z namenom sre\u010danja z veleposlaniki, ki so na klju\u010dnih primarnih trgih povpra\u0161evanja, kjer bo KUS v sodelovanju s \u010dlani letos organiziral rekordno \u0161tevilo workshopov v tujini. Veleposlaniki so izkazali pripravljenost sodelovati pri organizaciji in sofinanciranju workshopov v tujini. Kor primer dobre prakse je bil predstavljen workshop, ki je bil uspe\u0161no organiziran tri leta zapored v rezidenci ga. veleposlanice Veronike Stabej v Parizu.<\/p>\n<p>Posveta se je udele\u017eilo 48 veleposlanikov oziroma drugih vodij diplomatsko-konzularnih predstavni\u0161tev od skupno 56. To vsakoletno januarsko sre\u010danje daje diplomatom okvirne smernice dela v novem letu glede na prednostne naloge, ki jih zastavijo na zunanjem ministrstvu. \u00bbSre\u010danje je tudi prilo\u017enost, da se veleposlaniki med seboj vidimo, izmenjujemo izku\u0161nje in sli\u0161imo drug drugega, kar je v\u010dasih posebno koristno, saj prilo\u017enosti ni vselej veliko. Predvsem pa je koristno, da pridejo na sre\u010danje tudi najvi\u0161ji predstavniki dr\u017eave, da diplomati dobimo signal, da dr\u017eava resno gleda na na\u0161e delo,\u00ab pravi veleposlanica v Franciji Veronika Stabej.<br \/>\nMed najvi\u0161jimi predstavniki dr\u017eave je diplomate tudi nagovoril premier Miro Cerar in ocenil, da je za uspe\u0161no nastopanje Slovenije na mednarodnem prizori\u0161\u010du klju\u010dna verodostojnost, ki pa se najprej gradi doma: s finan\u010dno disciplino, izpolnjevanjem obveznosti, skrbjo za okolje ali odpravo vpliva neformalnih omre\u017eij na gospodarstvo. Diplomacija lahko po njegovem veliko pripomore pri seznanjanju tujine s pozitivnimi signali v gospodarstvu ter \u00bblahko odlo\u010dilno prispeva k \u0161e ve\u010djemu prodoru na\u0161ih izvoznikov na tuje trge in k pove\u010danju zanimanja tujih vlagateljev za trajnostne nalo\u017ebe pri nas\u00ab.<br \/>\nNapovedal je tudi, da Slovenija ne bo ve\u010d zapirala veleposlani\u0161tev, nasprotno naj bi s\u010dasoma \u0161irila diplomatsko-konzularno mre\u017eo, a \u0161ele, ko bodo to dopu\u0161\u010dale javne finance.<\/p>\n","protected":false},"excerpt":{"rendered":"<p>V za\u010detku januarja 2015 so se devetnajsti\u010d zapored za skupno mizo usedli slovenski veleposlaniki, drugi visoki diplomati in vodstvo zunanjega ministrstva. V ospredju trodnevnega posveta na Brdu pri Kranju sta bila gospodarska diplomacija in vloga Slovenije v svetu. Ve\u010dernega sprejema se je udele\u017eil tudi direktor Kongresnega urada Slovenije Miha Kova\u010di\u010d z namenom sre\u010danja z veleposlaniki, [&hellip;]<\/p>\n","protected":false},"author":1,"featured_media":75,"comment_status":"closed","ping_status":"open","sticky":false,"template":"","format":"standard","meta":{"_acf_changed":false,"footnotes":""},"categories":[32],"tags":[],"class_list":{"0":"post-74","1":"post","2":"type-post","3":"status-publish","4":"format-standard","5":"has-post-thumbnail","7":"category-novice-clanov"},"acf":[],"_links":{"self":[{"href":"https:\/\/www.slovenia-convention.com\/sl\/wp-json\/wp\/v2\/posts\/74","targetHints":{"allow":["GET"]}}],"collection":[{"href":"https:\/\/www.slovenia-convention.com\/sl\/wp-json\/wp\/v2\/posts"}],"about":[{"href":"https:\/\/www.slovenia-convention.com\/sl\/wp-json\/wp\/v2\/types\/post"}],"author":[{"embeddable":true,"href":"https:\/\/www.slovenia-convention.com\/sl\/wp-json\/wp\/v2\/users\/1"}],"replies":[{"embeddable":true,"href":"https:\/\/www.slovenia-convention.com\/sl\/wp-json\/wp\/v2\/comments?post=74"}],"version-history":[{"count":0,"href":"https:\/\/www.slovenia-convention.com\/sl\/wp-json\/wp\/v2\/posts\/74\/revisions"}],"wp:featuredmedia":[{"embeddable":true,"href":"https:\/\/www.slovenia-convention.com\/sl\/wp-json\/wp\/v2\/media\/75"}],"wp:attachment":[{"href":"https:\/\/www.slovenia-convention.com\/sl\/wp-json\/wp\/v2\/media?parent=74"}],"wp:term":[{"taxonomy":"category","embeddable":true,"href":"https:\/\/www.slovenia-convention.com\/sl\/wp-json\/wp\/v2\/categories?post=74"},{"taxonomy":"post_tag","embeddable":true,"href":"https:\/\/www.slovenia-convention.com\/sl\/wp-json\/wp\/v2\/tags?post=74"}],"curies":[{"name":"wp","href":"https:\/\/api.w.org\/{rel}","templated":true}]}}