{"id":7435,"date":"2017-09-22T09:29:14","date_gmt":"2017-09-22T09:29:14","guid":{"rendered":"http:\/\/www.slovenia-convention.com\/?p=7435\/"},"modified":"2017-09-22T09:29:14","modified_gmt":"2017-09-22T09:29:14","slug":"kjer-se-sreca-ves-svet","status":"publish","type":"post","link":"https:\/\/www.slovenia-convention.com\/sl\/kjer-se-sreca-ves-svet\/","title":{"rendered":"Kjer se sre\u010da ves svet \u2026"},"content":{"rendered":"<p>Tokrat so se najpomembnej\u0161i predstavniki dr\u017eav, ministri za izobra\u017eevanje in strokovnjaki sre\u010dali v Ljubljani, kjer se je v <strong><a href=\"https:\/\/www.cd-cc.si\/sl\/kongresna-dejavnost\/kongresno-prireditvena-dejavnost\" target=\"_blank\" rel=\"noopener\">Cankarjevem domu<\/a><\/strong> odvil <strong>Drugi svetovni Unesco kongres o prosto dostopnih izobra\u017eevalnih virih \u2013 OER 2017<\/strong>. \u017dlahtno poslanstvo prvega kongresa, naj bodo vsi izobra\u017eevalni viri, ki jih financira vlada, prosto dostopni, so <strong>sprejeli akcijski na\u010drt, kako prosto dostopne izobra\u017eevalne vire vklju\u010diti v izobra\u017eevalne sisteme in prispevati k digitalni transformaciji<\/strong>. S tem \u017eelijo poudariti pomen tovrstnih virov za zagotavljanja vklju\u010dujo\u010dega in pravi\u010dnega kakovostnega izobra\u017eevanja ter spodbujanja vse\u017eivljenjskega u\u010denja.<\/p>\n<p>Na konference je sodelovalo <strong>652 udele\u017eencev<\/strong> iz ve\u010d kot <strong>100 dr\u017eav<\/strong>, med drugim tudi ve\u010d kot <strong>30 ministrov<\/strong>. Slovenija je na podro\u010dju OER izjemno dejavna in ena od vodilnih de\u017eel, saj v pri In\u0161tituti Jo\u017eef \u0160tefan deluje UNESCO katedra o odprtih tehnologijah za prosto dostopne izobra\u017eevalne vire in odprto u\u010denje.<\/p>\n<p><strong>September je kongresno zelo obarvan<\/strong>. V Cankarjevem domu ali njegovi organizaciji potekajo, poleg OER, \u0161e druga strokovna sre\u010danja: Evropska konferenca o strojnem u\u010denju ter na\u010delih in praksi pridobivanja znanja iz podatkovnih baz \u2013 ECML-PKDD 2017 (Skopje), 4. Evropska jazz konferenca, 17. Festival za tretje \u017eivljenjsko obdobje, 13. Evropska LUX konferenca (Ljubljana), 7. kongres slovenskega mikrobiolo\u0161kega dru\u0161tva (Bled). <strong>Ocenjujemo, da se bo septembrskih dogodkov udele\u017eilo okoli 20.500 udele\u017eencev<\/strong>.<\/p>\n","protected":false},"excerpt":{"rendered":"<p>Tokrat so se najpomembnej\u0161i predstavniki dr\u017eav, ministri za izobra\u017eevanje in strokovnjaki sre\u010dali v Ljubljani, kjer se je v Cankarjevem domu odvil Drugi svetovni Unesco kongres o prosto dostopnih izobra\u017eevalnih virih \u2013 OER 2017. \u017dlahtno poslanstvo prvega kongresa, naj bodo vsi izobra\u017eevalni viri, ki jih financira vlada, prosto dostopni, so sprejeli akcijski na\u010drt, kako prosto dostopne [&hellip;]<\/p>\n","protected":false},"author":2,"featured_media":0,"comment_status":"closed","ping_status":"open","sticky":false,"template":"","format":"standard","meta":{"_acf_changed":false,"footnotes":""},"categories":[2],"tags":[],"class_list":{"0":"post-7435","1":"post","2":"type-post","3":"status-publish","4":"format-standard","6":"category-zku"},"acf":[],"_links":{"self":[{"href":"https:\/\/www.slovenia-convention.com\/sl\/wp-json\/wp\/v2\/posts\/7435","targetHints":{"allow":["GET"]}}],"collection":[{"href":"https:\/\/www.slovenia-convention.com\/sl\/wp-json\/wp\/v2\/posts"}],"about":[{"href":"https:\/\/www.slovenia-convention.com\/sl\/wp-json\/wp\/v2\/types\/post"}],"author":[{"embeddable":true,"href":"https:\/\/www.slovenia-convention.com\/sl\/wp-json\/wp\/v2\/users\/2"}],"replies":[{"embeddable":true,"href":"https:\/\/www.slovenia-convention.com\/sl\/wp-json\/wp\/v2\/comments?post=7435"}],"version-history":[{"count":0,"href":"https:\/\/www.slovenia-convention.com\/sl\/wp-json\/wp\/v2\/posts\/7435\/revisions"}],"wp:attachment":[{"href":"https:\/\/www.slovenia-convention.com\/sl\/wp-json\/wp\/v2\/media?parent=7435"}],"wp:term":[{"taxonomy":"category","embeddable":true,"href":"https:\/\/www.slovenia-convention.com\/sl\/wp-json\/wp\/v2\/categories?post=7435"},{"taxonomy":"post_tag","embeddable":true,"href":"https:\/\/www.slovenia-convention.com\/sl\/wp-json\/wp\/v2\/tags?post=7435"}],"curies":[{"name":"wp","href":"https:\/\/api.w.org\/{rel}","templated":true}]}}