{"id":8073,"date":"2018-03-16T09:16:04","date_gmt":"2018-03-16T09:16:04","guid":{"rendered":"http:\/\/www.slovenia-convention.com\/?p=8073"},"modified":"2018-03-16T09:16:04","modified_gmt":"2018-03-16T09:16:04","slug":"ivan-cankar-v-srediscu-letosnjega-programa-cankarjevega-doma","status":"publish","type":"post","link":"https:\/\/www.slovenia-convention.com\/sl\/ivan-cankar-v-srediscu-letosnjega-programa-cankarjevega-doma\/","title":{"rendered":"Ivan Cankar v sredi\u0161\u010du leto\u0161njega programa Cankarjevega doma"},"content":{"rendered":"<p><strong>Pisatelj, dramatik in pesnik Ivan Cankar je bil velikan slovenske pisane besede in osrednja figura obdobja moderne v slovenski knji\u017eevnosti.<\/strong><\/p>\n<p>Po njem &#8211; kot eni najpomembnej\u0161ih oseb v zgodovini slovenske kulturne dedi\u0161\u010dine, nosi ime Cankarjev dom &#8211; eden najve\u010djih kulturnih in kongresnih centrov v dr\u017eavi \u2013 ki \u017ee dolgo prepoznava izjemno dedi\u0161\u010dino Cankarjevega \u017eivljenja in dela.<\/p>\n<p>Leto\u0161nje leto bo zato Cankarjev dom obele\u017eil na prav poseben na\u010din &#8211; <strong>s celoletnim festivalom \u00bbCankar o Cankarju\u00ab<\/strong>. Festival se je za\u010del z januarsko premiero gledali\u0161ke predstave Pohuj\u0161anje v dolini \u0160entflorjanski v koprodukciji (z Narodnim gledali\u0161\u010dem SNG Drama in Mestnim gledali\u0161\u010dem Ljubljanskim), kon\u010dal pa se bo z junijsko otvoritvijo velike razstave.<\/p>\n<p>Mestni muzej Ljubljana bo na ogled postavil umetnikovo delo in \u017eivljenje, razstava v galeriji CD, imenovana <strong>\u00bbIvan Cankar in Evropa &#8211; Med Shakespearom in Kafko\u00ab<\/strong>, pa se bo osredoto\u010dila na filozofske in literarne vplive, ki so zaznamovali njegovo delo in ki pri\u010dajo o tem, da je bil Cankar eden izmed pomembnih centralno-evropskih avtorjev, \u010digar delo je celovito odra\u017ealo duh takratnega \u010dasa v dru\u017ebenem, kulturnem in politi\u010dnem smislu.<\/p>\n<p>Delegati <strong>24 mednarodnih konferenc in kongresov<\/strong>, ki bodo letos potekale v Cankarjevem domu, bodo tako dobili prilo\u017enost <strong>iz prve roke izkusiti kan\u010dek Cankarjevega sveta in duha<\/strong> &#8211; oba globoko prepletena s slovenskim kulturnim \u017eivljenjem \u0161e danes. Poleg Ljubljane se pestro dogajanje med letom obeta tudi v Cankarjevem rojstnem kraju na Vrhniki.<\/p>\n<p><em>Revija Kongres<\/em><\/p>\n","protected":false},"excerpt":{"rendered":"<p>Pisatelj, dramatik in pesnik Ivan Cankar je bil velikan slovenske pisane besede in osrednja figura obdobja moderne v slovenski knji\u017eevnosti. Po njem &#8211; kot eni najpomembnej\u0161ih oseb v zgodovini slovenske kulturne dedi\u0161\u010dine, nosi ime Cankarjev dom &#8211; eden najve\u010djih kulturnih in kongresnih centrov v dr\u017eavi \u2013 ki \u017ee dolgo prepoznava izjemno dedi\u0161\u010dino Cankarjevega \u017eivljenja in [&hellip;]<\/p>\n","protected":false},"author":2,"featured_media":6145,"comment_status":"closed","ping_status":"open","sticky":false,"template":"","format":"standard","meta":{"_acf_changed":false,"footnotes":""},"categories":[32],"tags":[],"class_list":{"0":"post-8073","1":"post","2":"type-post","3":"status-publish","4":"format-standard","5":"has-post-thumbnail","7":"category-novice-clanov"},"acf":[],"_links":{"self":[{"href":"https:\/\/www.slovenia-convention.com\/sl\/wp-json\/wp\/v2\/posts\/8073","targetHints":{"allow":["GET"]}}],"collection":[{"href":"https:\/\/www.slovenia-convention.com\/sl\/wp-json\/wp\/v2\/posts"}],"about":[{"href":"https:\/\/www.slovenia-convention.com\/sl\/wp-json\/wp\/v2\/types\/post"}],"author":[{"embeddable":true,"href":"https:\/\/www.slovenia-convention.com\/sl\/wp-json\/wp\/v2\/users\/2"}],"replies":[{"embeddable":true,"href":"https:\/\/www.slovenia-convention.com\/sl\/wp-json\/wp\/v2\/comments?post=8073"}],"version-history":[{"count":0,"href":"https:\/\/www.slovenia-convention.com\/sl\/wp-json\/wp\/v2\/posts\/8073\/revisions"}],"wp:featuredmedia":[{"embeddable":true,"href":"https:\/\/www.slovenia-convention.com\/sl\/wp-json\/wp\/v2\/media\/6145"}],"wp:attachment":[{"href":"https:\/\/www.slovenia-convention.com\/sl\/wp-json\/wp\/v2\/media?parent=8073"}],"wp:term":[{"taxonomy":"category","embeddable":true,"href":"https:\/\/www.slovenia-convention.com\/sl\/wp-json\/wp\/v2\/categories?post=8073"},{"taxonomy":"post_tag","embeddable":true,"href":"https:\/\/www.slovenia-convention.com\/sl\/wp-json\/wp\/v2\/tags?post=8073"}],"curies":[{"name":"wp","href":"https:\/\/api.w.org\/{rel}","templated":true}]}}