{"id":9854,"date":"2018-09-05T14:15:32","date_gmt":"2018-09-05T14:15:32","guid":{"rendered":"http:\/\/www.slovenia-convention.com\/?p=9854"},"modified":"2018-09-06T07:18:14","modified_gmt":"2018-09-06T07:18:14","slug":"ah-ta-pomlad","status":"publish","type":"post","link":"https:\/\/www.slovenia-convention.com\/sl\/ah-ta-pomlad\/","title":{"rendered":"Ah, ta pomlad!"},"content":{"rendered":"<div id=\"tdi_1\" class=\"tdc-row\"><div class=\"vc_row tdi_2  wpb_row td-pb-row\" >\n<style scoped>\n\/* custom css - generated by TagDiv Composer *\/\n\n\/* custom css - generated by TagDiv Composer *\/\n.tdi_2,\r\n                .tdi_2 .tdc-columns{\r\n                    min-height: 0;\r\n                }.tdi_2,\r\n\t\t\t\t.tdi_2 .tdc-columns{\r\n\t\t\t\t    display: block;\r\n\t\t\t\t}.tdi_2 .tdc-columns{\r\n\t\t\t\t    width: 100%;\r\n\t\t\t\t}.tdi_2:before,\r\n\t\t\t\t.tdi_2:after{\r\n\t\t\t\t    display: table;\r\n\t\t\t\t}\n<\/style><div class=\"vc_column tdi_4  wpb_column vc_column_container tdc-column td-pb-span12\">\n<style scoped>\n\/* custom css - generated by TagDiv Composer *\/\n\n\/* custom css - generated by TagDiv Composer *\/\n.tdi_4{\r\n                    vertical-align: baseline;\r\n                }.tdi_4 > .wpb_wrapper,\r\n\t\t\t\t.tdi_4 > .wpb_wrapper > .tdc-elements{\r\n\t\t\t\t    display: block;\r\n\t\t\t\t}.tdi_4 > .wpb_wrapper > .tdc-elements{\r\n\t\t\t\t    width: 100%;\r\n\t\t\t\t}.tdi_4 > .wpb_wrapper > .vc_row_inner{\r\n\t\t\t\t    width: auto;\r\n\t\t\t\t}.tdi_4 > .wpb_wrapper{\r\n\t\t\t\t    width: auto;\r\n\t\t\t\t    height: auto;\r\n\t\t\t\t}\n<\/style><div class=\"wpb_wrapper\" ><div class=\"wpb_wrapper wpb_text_column td_block_wrap td_block_wrap vc_column_text tdi_5  tagdiv-type td-pb-border-top td_block_template_5\"  data-td-block-uid=\"tdi_5\" >\n<style>\n\/* custom css - generated by TagDiv Composer *\/\n.vc_column_text > .td-element-style{\r\n\t\t\t\t\tz-index: -1;\r\n\t\t\t\t}\n<\/style><div class=\"td-fix-index\"><p>Beseda pomlad na obraz pri\u010dara nasmeh, po dolgi in mrzli zimi \u0161e toliko ve\u010djega. Pomlad je v slovenskih mestih gotovo en najbolje zasedenih letnih \u010dasov, tudi, kar zadeva industrijo sre\u010danj. Leto\u0161nje leto je \u0161e posebej pestro, gre namre\u010d za rekordno kongresno leto \u2013\u00a0<a href=\"https:\/\/www.visitljubljana.com\/sl\/kongresni-urad-ljubljane\/nase-storitve\/o-nas\/\" target=\"_blank\" rel=\"noopener\">Ljubljana<\/a>\u00a0gosti prek dvajset kongresov in \u0161tevilna korporativna sre\u010danja. Pri izjemnih dose\u017ekih ne zaostaja niti \u0161tajerska prestolnica\u00a0<a href=\"https:\/\/maribor-pohorje.si\/priporocamo.aspx\" target=\"_blank\" rel=\"noopener\">Maribor<\/a>, mesto najstarej\u0161e vinske trte na svetu, kjer pomlad prav tako sodi med vrhunce leta v oziru kongresno-turisti\u010dne dejavnosti.<\/p>\n<p>V Slovenijo spomladi tedensko prihajajo udele\u017eenci raznovrstnih sre\u010danj iz celega sveta, in takrat si slovenska mesta, ki sicer veljajo za \u00bbstress-free\u00ab okolja, nadenejo prav slikovit kozmopolitski sijaj. Za\u0161umijo in za\u017eivijo \u2013 kot roj mladih\u00a0<strong>\u010debel,\u00a0<\/strong>ki navdu\u0161eno poletavajo s cveta na cvet prek opojno di\u0161e\u010dega travnika. Pri nas je pomlad sinonim za preplet\u00a0<strong>mednarodnega in ustvarjalnega pretoka znanj, izku\u0161enj in mre\u017eenja.<\/strong><\/p>\n<p>Takoj, ko prevrtimo urine kazalce, se slovenska mesta in mesteca prelevijo v razgibana sredi\u0161\u010da; ob tistih prijetno toplih spomladanskih dnevih je vsem obiskovalcem, turistom in nenazadnje tudi lokalcem\u00a0<strong>skupno eno<\/strong>\u2013 nikomur se ne mudi domov. Ravno nasprotno! Gostinski lokali ob rekah, v mestnih parkih in na trgih so polni, z razli\u010dnih koncev donijo ritmi \u017eive glasbe, vrve\u017e skupinic se u\u017eitkarsko\u00a0<em>martin\u010dka<\/em>v izobilju spomladanskih \u017earkov \u2026 Pri\u010da smo dru\u017eenju na prostem v vsem svojem veselju!<\/p>\n<p><strong>April. Petek.\u00a0<\/strong><strong>Sonce na obzorju.\u00a0<\/strong><strong>Ljubljana \u2013 Center.<\/strong><\/p>\n<p>Pot se pri\u010dne ob Ljubljanici, sredi \u010disto prave narave le streljaj od \u017eivahne mestne pla\u017ee na\u00a0<strong>\u0160pici<\/strong>, ki je, mimogrede, izvrstno zunanje prizori\u0161\u010de za sre\u010danja. Namenimo se preko\u00a0<strong><em>Krakovca\u00a0<\/em><\/strong>(t. i. Krakovski nasip), kot mu pravijo prebivalci, do samega mestnega jedra in od tod naprej do Poga\u010darjevega trga na znameniti Ljubljanski tr\u017enici, kjer se odvija \u00bbit\u00ab dogodek tedna \u2013\u00a0<a href=\"http:\/\/www.odprtakuhna.si\/\" target=\"_blank\" rel=\"noopener\"><strong>Odprta kuhna<\/strong><\/a>. Znanilka pomladi v mestu, ki ni zgolj\u00a0<em>\u0161e ena kulinari\u010dna tr\u017enica<\/em>, turisti\u010dni \u00bbmust-see-experience\u00ab ali tedenska obveza podjetnih lokalcev, temve\u010d pravo vozli\u0161\u010de dru\u017eabnega dogajanja v mestu, petkov\u00a0<em>treffpunkt<\/em>. Glavne zvezde Odprte kuhne so mamljive jedi, ki jih vsak lep\u0161i petek v toplej\u0161ih mesecih vestno pripravljajo ustvarjalci: gnetejo, me\u0161ajo, hitijo, kuhajo, vzklikajo, pra\u017eijo, zvijajo in izro\u010dajo kulinari\u010dno \u010darovnijo, ki ji botruje izvrstno vzdu\u0161je. Psssst \u2026\u00a0<strong>insajderski nasvet\u00a0<\/strong>za\u00a0<em>kul\u00a0<\/em>do\u017eivetje v\u00a0<em>kul\u00a0<\/em>prestolnici: morda si omislite ravno to kulinari\u010dno-dru\u017eabno do\u017eivetje v okviru motivacijskega potovanja, ali pa ravno tam s kolegi nazdravite uspe\u0161nemu strokovnemu dogodku. Zakaj pa ne! Po predhodnem dogovoru z ekipo Odprte kuhne lahko poslovni gostje\u00a0s kuponi degustirajo jedi najbolj\u0161ih mojstrov de\u017eele ter preprosto \u2026 u\u017eivajo. \u010cetudi se va\u0161 kongres, konferenca ali sestanek zaklju\u010di v poznih popoldanskih urahste lahko brez skrbi, saj vas bo Odprta kuhna po\u010dakala vse tja do 22. ure, ko ni dogajanje ni\u010d manj pre\u0161erno, kot podnevi. Seveda ob tem ne gre prezreti nadvse ugodnega dejstva, da je Ljubljana kompaktna in zelena prestolnica, kjer premik od to\u010dke A do to\u010dke B pogosto pomeni prijeten sprehod ali kolesarjenje skozi mesto, mimogrede pa \u0161e pogled na mestne znamenitosti in, kar je najlep\u0161e \u2013 do\u017eivetje tistega\u00a0<strong>pristnega mestnega utripa<\/strong>, v katerega \u017eeli prste pomo\u010diti prav vsak popotnik. Torej, ve\u010d kot dovolj \u010dasa, da se po napornem delovnem tednu po\u017eenete v\u00a0<em>joie de vivre\u00a0<\/em>v slovenskem slogu.<\/p>\n<p><strong>Pomlad,\u00a0<\/strong><strong>muza dru\u017eenja\u00a0<\/strong><strong>na prostem<\/strong><\/p>\n<p>Pomlad je tudi \u010das\u00a0<strong>dogodkov na prostem in festivalov\u00a0<\/strong>vseh vrst in velikosti, po katerih so slovenska mesta mnogim dobro poznana. Pisana paleta dogodkov, ki se zvrstijo na trgih, ulicah, re\u010dnih bregovih in v parkih, se odvija vse tja do pozne jeseni. Raznovrstne umetni\u0161ke uprizoritve, svetlobne in\u0161talacije, knji\u017enice pod nebom, prismuknjeno uli\u010dno gledali\u0161\u010de \u2026 in seveda glasba \u2013 le kaj bi brez nje!\u00a0<em>\u00bb\u017divljenje brez glasbe bi bilo napaka!\u00ab\u00a0<\/em>je dejal Nietzsche, in \u010de ga parafraziramo v kontekstu dogodkov, je glasba resni\u010dno nepogre\u0161ljiv del sr\u010dnega sre\u010danja. Pozor! V \u010dasu festivalov je \u017eiva glasba stalnica slovenskih mest. Navdihujo\u010da zvo\u010dna podoba, ki ogreje duha.<\/p>\n<p>\u010ce za poku\u0161ino na\u0161tejemo le nekaj festivalov v slovenski prestolnici \u2013\u00a0<strong>Junij v Ljubljani\u00a0<\/strong>je tradicionalna prireditev, ki poteka v sredi\u0161\u010du mesta na\u00a0<strong>Kongresnem trgu\u00a0<\/strong>in omogo\u010da brezpla\u010dna do\u017eivetja vrhunskih umetni\u0161kih stvaritev s podro\u010dij\u00a0<strong>plesa, gledali\u0161\u010da in glasbe. Svetlobna gverila\u00a0<\/strong>je mednarodni festival, ki\u00a0<strong>popularizira vidike sodobne umetnosti<\/strong>, osredoto\u010da se na estetiko svetlobe \u2013 po mestu so tedaj posejane impresivne svetlobne in\u0161talacije, objekti in projekcije. Kultni\u00a0<strong>Festival Ljubljana,\u00a0<\/strong>letos \u017ee 66-i\u010d po vrsti, pa se pri\u010dne\u00a0<strong>konec junija\u00a0<\/strong>in v mesto vsako leto prinese\u00a0<strong>mno\u017eico dogodkov\u00a0<\/strong>z velikimi mednarodnimi umetni\u0161kimi zasedbami.<\/p>\n<p>Tudi v drugih mestih se lahko v tem \u010dasu prepustite razgibanemu dogajanju prireditev na prostem, od zabavnih in kulturnih pa do \u0161portnih in ljudskih. V Mariboru ne zamudite festivala\u00a0<strong>Lent,\u00a0<\/strong>ki se pri\u010dne konec junija, posebno do\u017eivetje je tudi\u00a0<strong>Operna no\u010d\u00a0<\/strong>v Mestnem parku, \u010dudovit spektakel, ki se odvija konec maja, pa\u00a0<strong>Festival Ezl ek<\/strong>, umetni\u0161ki poklon najbolj znanemu vogalu v \u0161tajerski prestolnici; tu najdete tudi vedro dogajanje v okviru tradicionalnega\u00a0<strong>Mestnega piknika,\u00a0<\/strong>in \u0161e\u00a0<strong>Praznik pomladi v Sve\u010dini \u2013\u00a0<\/strong>da, tam, kjer je\u00a0<strong>vinska pot v obliki srca\u00a0<\/strong>ter \u0161e mnoge druge prireditve. Saj veste,\u00a0<strong>raznolikost\u00a0<\/strong>je klju\u010dna prednost Slovenije.<\/p>\n<p>Udele\u017eenci mednarodnih sre\u010danj se v slovenska mesta najraje vra\u010dajo ravno v spomladanskem \u010dasu. S kan\u010dkom \u0161pekulacije lahko uganemo, zakaj je temu tako. Ravno spomladi, ko mesta dihajo z radostnim utripom, se obiskovalci najla\u017ee zlijejo z urbano kuliso, najsi bo ta\u00a0<strong>jazzovska,\u00a0<\/strong>ki jo obi\u010dajno najdemo v muzejskem obmo\u010dju, ali\u00a0<strong>po\u0161tirkana,\u00a0<\/strong>kot jo zasledimo na re\u010dnih obre\u017ejih in v trendovskih barih, kjer \u201cmestne srajce\u201d srebajo Aperol \u0161pric ali Hugo ter razpravljajo pozno v no\u010d. Nemara vas pot zanese v pristna sredi\u0161\u010da\u00a0<strong>alternativne\u00a0<\/strong><strong>kulture<\/strong>, v Ljubljani na Metelkovo, v Mariboru pa v Pekarno. Kdo bi vedel? Tu so \u0161e\u00a0<strong>razigrani turisti<\/strong>, ki jih ne morete zgre\u0161iti, ko s svojimi\u00a0<em>selfie stick<\/em>-i lovijo najbolj\u0161i kader ali le\u017eerno posedajo ob doma\u010dem\u00a0<em>craft<\/em>pivu po priporo\u010dilu lokalcev.\u00a0<em>Ni da ni<\/em>: urbani utrip je v zraku.<\/p>\n<p>Kaj pa tisti, ki si za\u017eelijo\u00a0<strong>miru, pobega v naravo<\/strong><strong>?\u00a0<\/strong>Brez skrbi, tudi za njih je na voljo kopica do\u017eivetij! Bogastvo urbane in pode\u017eelske narave ponuja \u0161tevilne mo\u017enosti za kolesarske, pohodni\u0161ke, jahalne, adrenalinske in druge \u0161portne ter rekreativne podvige, ki jih dopolnjujejo izjemna kulturna, vinsko-kulinari\u010dna in wellness do\u017eivetja.\u00a0<strong>Maribor<\/strong>, prisr\u010dno majhen a hkrati drugo najve\u010dje mesto v Sloveniji, ponuja obilo aktivnosti v naravnem okolju. V \u0160tajerski prestolnici se lahko potopite v morje gozdov zelenega\u00a0<strong>Pohorja<\/strong>, zatavate preko okoli\u0161kih vinorodnih gri\u010dev, skozi zelene mestne oaze, ali pa se poizkusite v supanju po Dravi. Vse je kot na dlani, izbira je va\u0161a!\u00a0<strong>Ljubljana<\/strong>, Zelena prestolnica Evrope 2016, ponuja odkrivanje naravnih biserov mesta in zaledja. Morda jo mahnete v mestni park\u00a0<strong>Tivoli<\/strong>, na\u00a0<strong>Ro\u017enik<\/strong>, ki je spomladi \u0161e posebej bujno \u017eare\u010d, ali pa se s kolesom podate po poteh starih koli\u0161\u010darjev v Krajinskem parku\u00a0<strong>Ljubljansko barje<\/strong>, morda si privo\u0161\u010dite u\u017eivanje v razgledih in zdravilni klimi okoli\u0161ke\u00a0<strong>Rakitne<\/strong>, morebiti pa utegnete ujeti \u017eafranovo pravljico na\u00a0<strong>Veliki planini<\/strong>, kjer brez pastirske malice in degustacije trni\u010da enostavno ne gre.\u00a0<strong>Kakor je komu ljub\u0161e!<\/strong><\/p>\n<p>Zveni zanimivo? Spremljajte \u00bb4 krat 4 Slovenija\u00ab na spletni strani\u00a0<a href=\"http:\/\/www.slovenia-convention.com\/\">www.slovenia-convention.com<\/a>.<\/p>\n<p><strong>Dobrodo\u0161li, da vas navdu\u0161imo!<\/strong><\/p>\n<p><em>Avtorica: Jasna Ja\u0161i\u010d, Marketing &amp; Communications Manager, Slovenian Convention Bureau, foto: Jo\u0161t Gantar, slovenia.info<\/em><\/p>\n<\/div><\/div><\/div><\/div><\/div><\/div>\n","protected":false},"excerpt":{"rendered":"","protected":false},"author":2,"featured_media":9492,"comment_status":"closed","ping_status":"open","sticky":false,"template":"","format":"standard","meta":{"_acf_changed":false,"footnotes":""},"categories":[925],"tags":[],"class_list":{"0":"post-9854","1":"post","2":"type-post","3":"status-publish","4":"format-standard","5":"has-post-thumbnail","7":"category-4-krat-4-slovenija"},"acf":[],"_links":{"self":[{"href":"https:\/\/www.slovenia-convention.com\/sl\/wp-json\/wp\/v2\/posts\/9854","targetHints":{"allow":["GET"]}}],"collection":[{"href":"https:\/\/www.slovenia-convention.com\/sl\/wp-json\/wp\/v2\/posts"}],"about":[{"href":"https:\/\/www.slovenia-convention.com\/sl\/wp-json\/wp\/v2\/types\/post"}],"author":[{"embeddable":true,"href":"https:\/\/www.slovenia-convention.com\/sl\/wp-json\/wp\/v2\/users\/2"}],"replies":[{"embeddable":true,"href":"https:\/\/www.slovenia-convention.com\/sl\/wp-json\/wp\/v2\/comments?post=9854"}],"version-history":[{"count":0,"href":"https:\/\/www.slovenia-convention.com\/sl\/wp-json\/wp\/v2\/posts\/9854\/revisions"}],"wp:featuredmedia":[{"embeddable":true,"href":"https:\/\/www.slovenia-convention.com\/sl\/wp-json\/wp\/v2\/media\/9492"}],"wp:attachment":[{"href":"https:\/\/www.slovenia-convention.com\/sl\/wp-json\/wp\/v2\/media?parent=9854"}],"wp:term":[{"taxonomy":"category","embeddable":true,"href":"https:\/\/www.slovenia-convention.com\/sl\/wp-json\/wp\/v2\/categories?post=9854"},{"taxonomy":"post_tag","embeddable":true,"href":"https:\/\/www.slovenia-convention.com\/sl\/wp-json\/wp\/v2\/tags?post=9854"}],"curies":[{"name":"wp","href":"https:\/\/api.w.org\/{rel}","templated":true}]}}